{"id":22396,"date":"2022-10-11T16:13:00","date_gmt":"2022-10-11T14:13:00","guid":{"rendered":"https:\/\/christusnews.de\/site\/wellcome-standort-wilhelmshaven-friesland-ist-spitze-in-niedersachsen\/"},"modified":"2022-10-12T23:17:44","modified_gmt":"2022-10-12T21:17:44","slug":"wellcome-standort-wilhelmshaven-friesland-ist-spitze-in-niedersachsen","status":"publish","type":"post","link":"https:\/\/christusnews.de\/site\/wellcome-standort-wilhelmshaven-friesland-ist-spitze-in-niedersachsen\/","title":{"rendered":"wellcome-Standort Wilhelmshaven-Friesland ist Spitze in Niedersachsen"},"content":{"rendered":"<p>Kurz nach dem 15-j\u00e4hrigen Jubil\u00e4um von wellcome in Wilhelmshaven und Friesland war die Wilhelmshavener Teamleiterin Sandra Pflugrad jetzt zum 20-j\u00e4hrigen Wellcome-Jubil\u00e4um nach Berlin eingeladen. Gemeinsam mit 200 weiteren G\u00e4sten feierte sie das Jubil\u00e4um mit einem hochkar\u00e4tigen B\u00fchnenprogramm und anschlie\u00dfendem Get-together.<\/p>\n<p>Dabei hat Bundestagsvizepr\u00e4sidentin Aydan \u00d6zoguz den an Corona erkrankten Bundeskanzler Olaf Scholz vertreten. In ihrer Festrede brachte Aydan \u00d6zoguz engagiert und pers\u00f6nlich die gro\u00dfe Wertsch\u00e4tzung der Politik zum Engagement von wellcome zum Ausdruck. Wellcome-Gr\u00fcnderin Rose Volz-Schmidt machte anschlie\u00dfend deutlich, wie schwer es Eltern in unserer Gesellschaft haben, Kinder gro\u00dfzuziehen. Sie rief dazu auf, gemeinsam und sektoren\u00fcbergreifend alles zu tun, damit Kinder gesund aufwachsen k\u00f6nnen. Ihr Apell wurde mit viel Beifall aufgenommen.<\/p>\n<p>Mit viel Humor f\u00fchrte J\u00f6rg Pilawa durch den Abend. Pilawa hat als Vater von vier Kindern selbst bereits Unterst\u00fctzung von wellcome erhalten. In einer ersten Interviewrunde kamen zwei Familien, eine Ehrenamtliche und eine Teamkoordinatorin zu Wort, welche die G\u00e4ste teilhaben lie\u00dfen, unter welchen Umst\u00e4nden Familien Unterst\u00fctzung brauchen. Auch Bisch\u00f6fin Kirsten Fehrs, zugleich stellvertretende Ratsvorsitzende der EKD, \u00fcberbrachte ihre Gl\u00fcckw\u00fcnsche und beschloss den wellcome-Abend mit den Worten \u201eIhr seid ein Segen!\u201c&nbsp;<\/p>\n<p>Im Anschluss an das B\u00fchnenprogramm hat auch die Wilhelmshavener Teamleiterin Sandra Pflugrad Gelegenheit, mit Bundestagsvizepr\u00e4sidentin Aydan \u00d6zoguz und Moderator J\u00f6rg Pilawa ins Gespr\u00e4ch zu kommen. Dabei wurde deutlich, welch gro\u00dfen Stellenwert wellcome f\u00fcr das \u201eNetzwerk Fr\u00fche Hilfen\u201c in der Jadestadt hat:&nbsp;<\/p>\n<p>\u201eDer wellcome-Standort Wilhelmshaven-Friesland ist Spitze in Niedersachsen. In unserer Region gibt es mit Abstand die meisten wellcome-Betreuungsstunden in Niedersachsen, es gibt hier fast 30 aktive Ehrenamtliche, nur an einem Standort gibt es mehr betreute Familien. Au\u00dferdem gibt es in Wilhelmshaven und Friesland die meisten erm\u00e4\u00dfigten wellcome-Eins\u00e4tze in ganz Niedersachsen, ein Beleg daf\u00fcr, dass wellcome auch dort ankommt, wo es besonders dringend gebraucht wird.\u201c Wellcome ist seit 15 Jahren ein wichtiger und fester Bestandteil im Netzwerk der fr\u00fchen Hilfen in der Stadt Wilhelmshaven. Tr\u00e4ger von wellcome in Wilhelmshaven und Friesland ist die Ev. Familien-Bildungsst\u00e4tte.&nbsp;<\/p>\n<p><strong>Kontakt:&nbsp;<\/strong><br \/>\nwellcome Wilhelmshaven-Friesland<br \/>\nFeldmark 56<br \/>\n26389 Wilhelmshaven<br \/>\nTel.: 04421 758 680<br \/>\n<a href=\"mailto:friesland-wilhelmshaven@wellcome-online.de\">friesland-wilhelmshaven@wellcome-online.de<\/a>&nbsp;<br \/>\n&nbsp;<\/p>\n<p>Kirche-Oldenburg<br \/>\n<a href=\"https:\/\/www.kirche-oldenburg.de\/\/aktuell\/aus-den-kirchenkreisen\/artikel\/wellcome-standort-wilhelmshaven-friesland-ist-spitze-in-niedersachsen-wilhelmshavener\" target=\"_blank\" rel=\"noopener\">wellcome-Standort Wilhelmshaven-Friesland ist Spitze in Niedersachsen<\/a><\/p>\n","protected":false},"excerpt":{"rendered":"<p>Kurz nach dem 15-j\u00e4hrigen Jubil\u00e4um von wellcome in Wilhelmshaven und Friesland war die Wilhelmshavener Teamleiterin Sandra Pflugrad jetzt zum 20-j\u00e4hrigen Wellcome-Jubil\u00e4um nach Berlin eingeladen. Gemeinsam mit 200 weiteren G\u00e4sten feierte sie das Jubil\u00e4um mit einem hochkar\u00e4tigen B\u00fchnenprogramm und anschlie\u00dfendem Get-together. Dabei hat Bundestagsvizepr\u00e4sidentin Aydan \u00d6zoguz den an Corona erkrankten Bundeskanzler Olaf Scholz vertreten. In ihrer Festrede brachte Aydan \u00d6zoguz engagiert und pers\u00f6nlich die gro\u00dfe Wertsch\u00e4tzung der Politik zum Engagement von wellcome zum Ausdruck. Wellcome-Gr\u00fcnderin Rose Volz-Schmidt machte anschlie\u00dfend deutlich, wie schwer es Eltern in unserer Gesellschaft haben, Kinder gro\u00dfzuziehen. Sie rief dazu auf, gemeinsam und sektoren\u00fcbergreifend alles zu tun, damit&#8230;<\/p>\n","protected":false},"author":7,"featured_media":0,"comment_status":"false","ping_status":"open","sticky":false,"template":"","format":"standard","meta":{"footnotes":""},"categories":[43],"tags":[44],"class_list":["post-22396","post","type-post","status-publish","format-standard","hentry","category-kirche-oldenburg","tag-kirche-oldenburg"],"_links":{"self":[{"href":"https:\/\/christusnews.de\/site\/wp-json\/wp\/v2\/posts\/22396","targetHints":{"allow":["GET"]}}],"collection":[{"href":"https:\/\/christusnews.de\/site\/wp-json\/wp\/v2\/posts"}],"about":[{"href":"https:\/\/christusnews.de\/site\/wp-json\/wp\/v2\/types\/post"}],"author":[{"embeddable":true,"href":"https:\/\/christusnews.de\/site\/wp-json\/wp\/v2\/users\/7"}],"replies":[{"embeddable":true,"href":"https:\/\/christusnews.de\/site\/wp-json\/wp\/v2\/comments?post=22396"}],"version-history":[{"count":1,"href":"https:\/\/christusnews.de\/site\/wp-json\/wp\/v2\/posts\/22396\/revisions"}],"predecessor-version":[{"id":22397,"href":"https:\/\/christusnews.de\/site\/wp-json\/wp\/v2\/posts\/22396\/revisions\/22397"}],"wp:attachment":[{"href":"https:\/\/christusnews.de\/site\/wp-json\/wp\/v2\/media?parent=22396"}],"wp:term":[{"taxonomy":"category","embeddable":true,"href":"https:\/\/christusnews.de\/site\/wp-json\/wp\/v2\/categories?post=22396"},{"taxonomy":"post_tag","embeddable":true,"href":"https:\/\/christusnews.de\/site\/wp-json\/wp\/v2\/tags?post=22396"}],"curies":[{"name":"wp","href":"https:\/\/api.w.org\/{rel}","templated":true}]}}