{"id":22416,"date":"2022-10-14T09:39:00","date_gmt":"2022-10-14T07:39:00","guid":{"rendered":"https:\/\/christusnews.de\/site\/diakonie-praesident-kritisiert-maskenpflicht-fuer-pflegeheim-bewohner\/"},"modified":"2022-10-17T11:17:30","modified_gmt":"2022-10-17T09:17:30","slug":"diakonie-praesident-kritisiert-maskenpflicht-fuer-pflegeheim-bewohner","status":"publish","type":"post","link":"https:\/\/christusnews.de\/site\/diakonie-praesident-kritisiert-maskenpflicht-fuer-pflegeheim-bewohner\/","title":{"rendered":"Diakonie-Pr\u00e4sident kritisiert Maskenpflicht f\u00fcr Pflegeheim-Bewohner"},"content":{"rendered":"<p class=\"MsoPlainText\">Hannover\/Berlin (epd). Diakonie-Pr\u00e4sident Ulrich Lilie hat die Maskenpflicht f\u00fcr Bewohner von Pflegeheimen scharf kritisiert. \u00abDas ist eine geradezu obsz\u00f6ne politische Entscheidung\u00bb, sagte der Chef der evangelischen Wohlfahrtsorganisation dem \u00abRedaktionsNetzwerk Deutschland\u00bb (Freitag). Diese Menschen lebten dort mit sehr hohen Impfquoten und Schutzstandards, betonte er. Das Pflegeheim sei ihre Wohnung.<\/p>\n<p class=\"MsoPlainText\">&nbsp;<\/p>\n<p class=\"MsoPlainText\">\u00abMir w\u00e4re nicht bekannt, dass anderen Bev\u00f6lkerungsgruppen vorgeschrieben wird, in ihren Wohnungen eine Maske zu tragen\u00bb, sagte Lilie. \u00abWir hoffen, dass die L\u00e4nder pragmatische L\u00f6sungen im Hinblick auf die Maskenpflicht finden werden, wie es schon in einigen Bundesl\u00e4ndern der Fall ist.\u00bb<\/p>\n<p class=\"MsoPlainText\">&nbsp;<\/p>\n<p class=\"MsoPlainText\">Nach den Regeln des seit Oktober geltenden Infektionsschutzgesetzes des Bundes m\u00fcssen Bewohnerinnen und Bewohner von Pflegeheimen au\u00dferhalb in ihrer eigenen Zimmer eine Maske tragen. Diese Pflicht gilt etwa in Gemeinschaftsr\u00e4umen und auch in der Tagespflege, wo Pflegebed\u00fcrftige meist kein eigenes Zimmer haben.&nbsp;Auch andere Sozialverb\u00e4nde sowie Patientensch\u00fctzer und Seniorenvertreter hatten bereits deutliche Kritik an der neuen Regelung ge\u00fcbt. In Deutschland leben etwa 800.000 Menschen in Pflegeheimen.<\/p>\n<p>Kirche-Oldenburg<br \/>\n<a href=\"https:\/\/www.kirche-oldenburg.de\/\/aktuell\/news-niedersachsen\/artikel\/diakonie-praesident-kritisiert-maskenpflicht-fuer-pflegeheim-bewohner\" target=\"_blank\" rel=\"noopener\">Diakonie-Pr\u00e4sident kritisiert Maskenpflicht f\u00fcr Pflegeheim-Bewohner<\/a><\/p>\n","protected":false},"excerpt":{"rendered":"<p>Hannover\/Berlin (epd). Diakonie-Pr\u00e4sident Ulrich Lilie hat die Maskenpflicht f\u00fcr Bewohner von Pflegeheimen scharf kritisiert. \u00abDas ist eine geradezu obsz\u00f6ne politische Entscheidung\u00bb, sagte der Chef der evangelischen Wohlfahrtsorganisation dem \u00abRedaktionsNetzwerk Deutschland\u00bb (Freitag). Diese Menschen lebten dort mit sehr hohen Impfquoten und Schutzstandards, betonte er. Das Pflegeheim sei ihre Wohnung. &nbsp; \u00abMir w\u00e4re nicht bekannt, dass anderen Bev\u00f6lkerungsgruppen vorgeschrieben wird, in ihren Wohnungen eine Maske zu tragen\u00bb, sagte Lilie. \u00abWir hoffen, dass die L\u00e4nder pragmatische L\u00f6sungen im Hinblick auf die Maskenpflicht finden werden, wie es schon in einigen Bundesl\u00e4ndern der Fall ist.\u00bb &nbsp; Nach den Regeln des seit Oktober geltenden Infektionsschutzgesetzes des&#8230;<\/p>\n","protected":false},"author":7,"featured_media":0,"comment_status":"false","ping_status":"open","sticky":false,"template":"","format":"standard","meta":{"footnotes":""},"categories":[43],"tags":[44],"class_list":["post-22416","post","type-post","status-publish","format-standard","hentry","category-kirche-oldenburg","tag-kirche-oldenburg"],"_links":{"self":[{"href":"https:\/\/christusnews.de\/site\/wp-json\/wp\/v2\/posts\/22416","targetHints":{"allow":["GET"]}}],"collection":[{"href":"https:\/\/christusnews.de\/site\/wp-json\/wp\/v2\/posts"}],"about":[{"href":"https:\/\/christusnews.de\/site\/wp-json\/wp\/v2\/types\/post"}],"author":[{"embeddable":true,"href":"https:\/\/christusnews.de\/site\/wp-json\/wp\/v2\/users\/7"}],"replies":[{"embeddable":true,"href":"https:\/\/christusnews.de\/site\/wp-json\/wp\/v2\/comments?post=22416"}],"version-history":[{"count":1,"href":"https:\/\/christusnews.de\/site\/wp-json\/wp\/v2\/posts\/22416\/revisions"}],"predecessor-version":[{"id":22417,"href":"https:\/\/christusnews.de\/site\/wp-json\/wp\/v2\/posts\/22416\/revisions\/22417"}],"wp:attachment":[{"href":"https:\/\/christusnews.de\/site\/wp-json\/wp\/v2\/media?parent=22416"}],"wp:term":[{"taxonomy":"category","embeddable":true,"href":"https:\/\/christusnews.de\/site\/wp-json\/wp\/v2\/categories?post=22416"},{"taxonomy":"post_tag","embeddable":true,"href":"https:\/\/christusnews.de\/site\/wp-json\/wp\/v2\/tags?post=22416"}],"curies":[{"name":"wp","href":"https:\/\/api.w.org\/{rel}","templated":true}]}}