{"id":22430,"date":"2022-10-16T20:56:00","date_gmt":"2022-10-16T18:56:00","guid":{"rendered":"https:\/\/christusnews.de\/site\/paritaetischer-gezielte-unterstuetzung-armer-statt-prinzip-giesskanne\/"},"modified":"2022-10-17T23:17:21","modified_gmt":"2022-10-17T21:17:21","slug":"paritaetischer-gezielte-unterstuetzung-armer-statt-prinzip-giesskanne","status":"publish","type":"post","link":"https:\/\/christusnews.de\/site\/paritaetischer-gezielte-unterstuetzung-armer-statt-prinzip-giesskanne\/","title":{"rendered":"Parit\u00e4tischer: Gezielte Unterst\u00fctzung Armer statt \u00abPrinzip Gie\u00dfkanne\u00bb"},"content":{"rendered":"<p class=\"MsoPlainText\">Hannover (epd). Die Vorsitzende des Parit\u00e4tischen Wohlfahrtsverbands Niedersachsen, Kerstin Tack, fordert angesichts von Energiekrise und wachsender Armutsgefahr eine gezieltere Unterst\u00fctzung einkommensschwacher Haushalte. \u00abKalte Heizungen, der erste Gang zur Tafel, der Verzicht auf Geschenke zum Geburtstag und Kinobesuche &#8211; das wird in diesem Winter f\u00fcr viele Menschen, die sich das nie h\u00e4tten vorstellen k\u00f6nnen, zur bitteren Realit\u00e4t\u00bb, sagte Tack am Sonntag in Hannover. Deshalb bed\u00fcrfe es statt \u00abdem Prinzip Gie\u00dfkanne\u00bb einer bedarfsgerechten Ausweitung von Leistungen wie Grundsicherung, Wohngeld und BAf\u00f6G.<\/p>\n<p class=\"MsoPlainText\">&nbsp;<\/p>\n<p class=\"MsoPlainText\">Angesichts einer Inflationsrate von derzeit rund zehn Prozent sei \u00abdas zentrale Versprechen der sozialen Marktwirtschaft, durch harte Arbeit zu einem gewissen Wohlstand zu gelangen\u00bb, unter Druck geraten, betonte Tack. Knapp 18 Prozent der Menschen in Niedersachsen lebten in Armut, angesichts der Krise drohe ihre Zahl drastisch zuzunehmen. Zudem br\u00e4chen f\u00fcr Menschen in Armut derzeit wichtige Hilfen weg.<\/p>\n<p class=\"MsoPlainText\">&nbsp;<\/p>\n<p class=\"MsoPlainText\">Als Beispiel nannte Tack die Tafeln, die derzeit einen regelrechten Ansturm erlebten, aber angesichts r\u00fcckl\u00e4ufiger Lebensmittelspenden kaum noch in der Lage seien, dem Bedarf nachzukommen. \u00abWir begr\u00fc\u00dfen deshalb, dass Ministerpr\u00e4sident Weil vor der Wahl den Tafeln Unterst\u00fctzung zugesichert hat\u00bb, sagte Tack. Die voraussichtlich neue Landesregierung aus SPD und Gr\u00fcnen m\u00fcsse ihren Ank\u00fcndigungen z\u00fcgig Taten folgen lassen. Zugleich unterstrich sie:&nbsp;\u00abF\u00fcr uns ist aber weiterhin klar, dass in Deutschland niemand auf eine Tafel angewiesen sein darf.\u00bb<\/p>\n<p>Kirche-Oldenburg<br \/>\n<a href=\"https:\/\/www.kirche-oldenburg.de\/\/aktuell\/news-niedersachsen\/artikel\/paritaetischer-gezielte-unterstuetzung-armer-statt-prinzip-giesskanne\" target=\"_blank\" rel=\"noopener\">Parit\u00e4tischer: Gezielte Unterst\u00fctzung Armer statt \u00abPrinzip Gie\u00dfkanne\u00bb<\/a><\/p>\n","protected":false},"excerpt":{"rendered":"<p>Hannover (epd). Die Vorsitzende des Parit\u00e4tischen Wohlfahrtsverbands Niedersachsen, Kerstin Tack, fordert angesichts von Energiekrise und wachsender Armutsgefahr eine gezieltere Unterst\u00fctzung einkommensschwacher Haushalte. \u00abKalte Heizungen, der erste Gang zur Tafel, der Verzicht auf Geschenke zum Geburtstag und Kinobesuche &#8211; das wird in diesem Winter f\u00fcr viele Menschen, die sich das nie h\u00e4tten vorstellen k\u00f6nnen, zur bitteren Realit\u00e4t\u00bb, sagte Tack am Sonntag in Hannover. Deshalb bed\u00fcrfe es statt \u00abdem Prinzip Gie\u00dfkanne\u00bb einer bedarfsgerechten Ausweitung von Leistungen wie Grundsicherung, Wohngeld und BAf\u00f6G. &nbsp; Angesichts einer Inflationsrate von derzeit rund zehn Prozent sei \u00abdas zentrale Versprechen der sozialen Marktwirtschaft, durch harte Arbeit zu einem&#8230;<\/p>\n","protected":false},"author":7,"featured_media":0,"comment_status":"false","ping_status":"open","sticky":false,"template":"","format":"standard","meta":{"footnotes":""},"categories":[43],"tags":[44],"class_list":["post-22430","post","type-post","status-publish","format-standard","hentry","category-kirche-oldenburg","tag-kirche-oldenburg"],"_links":{"self":[{"href":"https:\/\/christusnews.de\/site\/wp-json\/wp\/v2\/posts\/22430","targetHints":{"allow":["GET"]}}],"collection":[{"href":"https:\/\/christusnews.de\/site\/wp-json\/wp\/v2\/posts"}],"about":[{"href":"https:\/\/christusnews.de\/site\/wp-json\/wp\/v2\/types\/post"}],"author":[{"embeddable":true,"href":"https:\/\/christusnews.de\/site\/wp-json\/wp\/v2\/users\/7"}],"replies":[{"embeddable":true,"href":"https:\/\/christusnews.de\/site\/wp-json\/wp\/v2\/comments?post=22430"}],"version-history":[{"count":1,"href":"https:\/\/christusnews.de\/site\/wp-json\/wp\/v2\/posts\/22430\/revisions"}],"predecessor-version":[{"id":22431,"href":"https:\/\/christusnews.de\/site\/wp-json\/wp\/v2\/posts\/22430\/revisions\/22431"}],"wp:attachment":[{"href":"https:\/\/christusnews.de\/site\/wp-json\/wp\/v2\/media?parent=22430"}],"wp:term":[{"taxonomy":"category","embeddable":true,"href":"https:\/\/christusnews.de\/site\/wp-json\/wp\/v2\/categories?post=22430"},{"taxonomy":"post_tag","embeddable":true,"href":"https:\/\/christusnews.de\/site\/wp-json\/wp\/v2\/tags?post=22430"}],"curies":[{"name":"wp","href":"https:\/\/api.w.org\/{rel}","templated":true}]}}