{"id":22434,"date":"2022-10-15T20:50:00","date_gmt":"2022-10-15T18:50:00","guid":{"rendered":"https:\/\/christusnews.de\/site\/staedtetag-fordert-rettungsschirm-fuer-stadtwerke-und-kliniken\/"},"modified":"2022-10-17T23:17:22","modified_gmt":"2022-10-17T21:17:22","slug":"staedtetag-fordert-rettungsschirm-fuer-stadtwerke-und-kliniken","status":"publish","type":"post","link":"https:\/\/christusnews.de\/site\/staedtetag-fordert-rettungsschirm-fuer-stadtwerke-und-kliniken\/","title":{"rendered":"St\u00e4dtetag fordert Rettungsschirm f\u00fcr Stadtwerke und Kliniken"},"content":{"rendered":"<p class=\"MsoPlainText\">Goslar (epd). Der Nieders\u00e4chsische St\u00e4dtetag fordert angesichts gestiegener Energiepreise und Betriebskosten von der Landesregierung einen Rettungsschirm f\u00fcr kommunale Stadtwerke und Krankenh\u00e4user. \u00abLandtag und Landesregierung d\u00fcrfen sich bei diesen existenziellen Bereichen der Daseinsvorsorge nicht l\u00e4nger abmelden\u00bb, betonte der Vorsitzende der Oberb\u00fcrgermeisterkonferenz, Hamelns Oberb\u00fcrgermeister Claudio Griese, nach einer Sitzung des St\u00e4dtetags in Goslar.<\/p>\n<p class=\"MsoPlainText\">&nbsp;<\/p>\n<p class=\"MsoPlainText\">Seit Beginn der Gasmangellage bem\u00fchten sich die kommunalen Spitzenverb\u00e4nde auf Bundes- wie auf Landesebene darum, Bund und L\u00e4nder zu einem Schutzschirm f\u00fcr kommunale Stadtwerke zu bewegen, hie\u00df es. Bund und L\u00e4nder wiesen einander die Verantwortung zu, deshalb seien bislang keine konkreten Ma\u00dfnahmen erfolgt.<\/p>\n<p class=\"MsoPlainText\">&nbsp;<\/p>\n<p class=\"MsoPlainText\">Auch die durch Corona und knappe Pflegebudgets ohnehin angespannte Situation der kommunalen Kliniken versch\u00e4rfe sich durch die Energiekrise weiter. Vielen Krankenh\u00e4usern drohten aktuell erhebliche finanzielle Schwierigkeiten und teilweise Insolvenzen.<\/p>\n<p class=\"MsoPlainText\">&nbsp;<\/p>\n<p class=\"MsoPlainText\">Der Pr\u00e4sident des St\u00e4dtetags, Salzgitters Oberb\u00fcrgermeister Frank Klingebiel, betonte, dass andere Bundesl\u00e4nder, etwa Schleswig-Holstein und Sachsen-Anhalt mittlerweile Rettungsma\u00dfnahmen f\u00fcr kommunale Stadtwerke in Aussicht genommen h\u00e4tten. \u00abDas erwarten wir jetzt auch von der Nieders\u00e4chsischen Landesregierung\u00bb, sagte er. Die Kommunen w\u00fcrden ihren Anteil beitragen.<\/p>\n<p>Kirche-Oldenburg<br \/>\n<a href=\"https:\/\/www.kirche-oldenburg.de\/\/aktuell\/news-niedersachsen\/artikel\/staedtetag-fordert-rettungsschirm-fuer-stadtwerke-und-kliniken\" target=\"_blank\" rel=\"noopener\">St\u00e4dtetag fordert Rettungsschirm f\u00fcr Stadtwerke und Kliniken<\/a><\/p>\n","protected":false},"excerpt":{"rendered":"<p>Goslar (epd). Der Nieders\u00e4chsische St\u00e4dtetag fordert angesichts gestiegener Energiepreise und Betriebskosten von der Landesregierung einen Rettungsschirm f\u00fcr kommunale Stadtwerke und Krankenh\u00e4user. \u00abLandtag und Landesregierung d\u00fcrfen sich bei diesen existenziellen Bereichen der Daseinsvorsorge nicht l\u00e4nger abmelden\u00bb, betonte der Vorsitzende der Oberb\u00fcrgermeisterkonferenz, Hamelns Oberb\u00fcrgermeister Claudio Griese, nach einer Sitzung des St\u00e4dtetags in Goslar. &nbsp; Seit Beginn der Gasmangellage bem\u00fchten sich die kommunalen Spitzenverb\u00e4nde auf Bundes- wie auf Landesebene darum, Bund und L\u00e4nder zu einem Schutzschirm f\u00fcr kommunale Stadtwerke zu bewegen, hie\u00df es. Bund und L\u00e4nder wiesen einander die Verantwortung zu, deshalb seien bislang keine konkreten Ma\u00dfnahmen erfolgt. &nbsp; Auch die durch Corona&#8230;<\/p>\n","protected":false},"author":7,"featured_media":0,"comment_status":"false","ping_status":"open","sticky":false,"template":"","format":"standard","meta":{"footnotes":""},"categories":[43],"tags":[44],"class_list":["post-22434","post","type-post","status-publish","format-standard","hentry","category-kirche-oldenburg","tag-kirche-oldenburg"],"_links":{"self":[{"href":"https:\/\/christusnews.de\/site\/wp-json\/wp\/v2\/posts\/22434","targetHints":{"allow":["GET"]}}],"collection":[{"href":"https:\/\/christusnews.de\/site\/wp-json\/wp\/v2\/posts"}],"about":[{"href":"https:\/\/christusnews.de\/site\/wp-json\/wp\/v2\/types\/post"}],"author":[{"embeddable":true,"href":"https:\/\/christusnews.de\/site\/wp-json\/wp\/v2\/users\/7"}],"replies":[{"embeddable":true,"href":"https:\/\/christusnews.de\/site\/wp-json\/wp\/v2\/comments?post=22434"}],"version-history":[{"count":1,"href":"https:\/\/christusnews.de\/site\/wp-json\/wp\/v2\/posts\/22434\/revisions"}],"predecessor-version":[{"id":22435,"href":"https:\/\/christusnews.de\/site\/wp-json\/wp\/v2\/posts\/22434\/revisions\/22435"}],"wp:attachment":[{"href":"https:\/\/christusnews.de\/site\/wp-json\/wp\/v2\/media?parent=22434"}],"wp:term":[{"taxonomy":"category","embeddable":true,"href":"https:\/\/christusnews.de\/site\/wp-json\/wp\/v2\/categories?post=22434"},{"taxonomy":"post_tag","embeddable":true,"href":"https:\/\/christusnews.de\/site\/wp-json\/wp\/v2\/tags?post=22434"}],"curies":[{"name":"wp","href":"https:\/\/api.w.org\/{rel}","templated":true}]}}