{"id":22438,"date":"2022-10-17T20:57:09","date_gmt":"2022-10-17T18:57:09","guid":{"rendered":"https:\/\/christusnews.de\/site\/armutskonferenz-protestiert-mit-eisblock-gegen-soziale-kaelte\/"},"modified":"2022-10-18T11:17:29","modified_gmt":"2022-10-18T09:17:29","slug":"armutskonferenz-protestiert-mit-eisblock-gegen-soziale-kaelte","status":"publish","type":"post","link":"https:\/\/christusnews.de\/site\/armutskonferenz-protestiert-mit-eisblock-gegen-soziale-kaelte\/","title":{"rendered":"Armutskonferenz protestiert mit Eisblock gegen soziale K\u00e4lte"},"content":{"rendered":"<p class=\"MsoPlainText\">Hannover (epd). Mit einem schmelzenden Eisblock hat die nieders\u00e4chsische Landesarmutskonferenz am Montag vor dem Landtag in Hannover symbolisch gegen Armut und soziale K\u00e4lte protestiert. Das gegenw\u00e4rtige gesellschaftliche Klima sei von K\u00e4lte gepr\u00e4gt, sagte Gesch\u00e4ftsf\u00fchrer Klaus-Dieter Gleitze: \u00abWenn es uns nicht gelingt, die K\u00e4lte zum Schmelzen zu bringen, werden wir vor dem Hintergrund von Rekordinflation, Energiekrise, Coronawelle und sich abzeichnender Rezession die gr\u00f6\u00dfte Krise der Nachkriegszeit erleben.\u00bb<\/p>\n<p class=\"MsoPlainText\">&nbsp;<\/p>\n<p class=\"MsoPlainText\">Bei der Aktion platzierten Mitarbeitende der Armutskonferenz den zu Eis gefrorenen Inhalt eines Wassereimers direkt gegen\u00fcber dem Landtag. In der warmen Herbstsonne schmolz er in den Stunden darauf vor sich hin. Anlass war der Internationale Weltarmutstag am 17. Oktober. Die Zivilgesellschaft und von Armut betroffene Menschen m\u00fcssten klare Zeichen setzen, sagte Gleitze. Sie sollten ihr Anliegen gegen Verarmung und Ausgrenzung auch auf die Stra\u00dfe tragen, in Abgrenzung gegen rechts und f\u00fcr eine solidarische Gesellschaft.<\/p>\n<p class=\"MsoPlainText\">&nbsp;<\/p>\n<p class=\"MsoPlainText\">Die Landesarmutskonferenz begr\u00fc\u00dfe den Wegfall der Gaspreisumlage und die geplante Deckelung der Gaspreise, erl\u00e4uterte der Gesch\u00e4ftsf\u00fchrer. Allerdings m\u00fcssten zeitnah weitere deutliche Schritte folgen. Die Menschen g\u00e4ben ihr verf\u00fcgbares Einkommen fast komplett f\u00fcr Ern\u00e4hrung und Energie aus. Die Energiepreise seien um 47 Prozente gestiegen, der \u00f6ffentliche Nahverkehr habe sich um 14 Prozent verteuert.<\/p>\n<p class=\"MsoPlainText\">&nbsp;<\/p>\n<p class=\"MsoPlainText\">\u00abDas neue B\u00fcrgergeld ab 2023 kommt zu sp\u00e4t und reicht mit 502 Euro nicht ann\u00e4hernd aus, um Menschen die Existenzangst zu nehmen\u00bb, mahnte der Armutsexperte. Die Generalversammlung der Vereinten Nationen hatte 1992 den 17. Oktober zum Internationalen Tag f\u00fcr die Beseitigung der Armut erkl\u00e4rt.<\/p>\n<p>Kirche-Oldenburg<br \/>\n<a href=\"https:\/\/www.kirche-oldenburg.de\/\/aktuell\/news-niedersachsen\/artikel\/armutskonferenz-protestiert-mit-eisblock-gegen-soziale-kaelte\" target=\"_blank\" rel=\"noopener\">Armutskonferenz protestiert mit Eisblock gegen soziale K\u00e4lte<\/a><\/p>\n","protected":false},"excerpt":{"rendered":"<p>Hannover (epd). Mit einem schmelzenden Eisblock hat die nieders\u00e4chsische Landesarmutskonferenz am Montag vor dem Landtag in Hannover symbolisch gegen Armut und soziale K\u00e4lte protestiert. Das gegenw\u00e4rtige gesellschaftliche Klima sei von K\u00e4lte gepr\u00e4gt, sagte Gesch\u00e4ftsf\u00fchrer Klaus-Dieter Gleitze: \u00abWenn es uns nicht gelingt, die K\u00e4lte zum Schmelzen zu bringen, werden wir vor dem Hintergrund von Rekordinflation, Energiekrise, Coronawelle und sich abzeichnender Rezession die gr\u00f6\u00dfte Krise der Nachkriegszeit erleben.\u00bb &nbsp; Bei der Aktion platzierten Mitarbeitende der Armutskonferenz den zu Eis gefrorenen Inhalt eines Wassereimers direkt gegen\u00fcber dem Landtag. In der warmen Herbstsonne schmolz er in den Stunden darauf vor sich hin. Anlass war&#8230;<\/p>\n","protected":false},"author":7,"featured_media":0,"comment_status":"false","ping_status":"open","sticky":false,"template":"","format":"standard","meta":{"footnotes":""},"categories":[43],"tags":[44],"class_list":["post-22438","post","type-post","status-publish","format-standard","hentry","category-kirche-oldenburg","tag-kirche-oldenburg"],"_links":{"self":[{"href":"https:\/\/christusnews.de\/site\/wp-json\/wp\/v2\/posts\/22438","targetHints":{"allow":["GET"]}}],"collection":[{"href":"https:\/\/christusnews.de\/site\/wp-json\/wp\/v2\/posts"}],"about":[{"href":"https:\/\/christusnews.de\/site\/wp-json\/wp\/v2\/types\/post"}],"author":[{"embeddable":true,"href":"https:\/\/christusnews.de\/site\/wp-json\/wp\/v2\/users\/7"}],"replies":[{"embeddable":true,"href":"https:\/\/christusnews.de\/site\/wp-json\/wp\/v2\/comments?post=22438"}],"version-history":[{"count":1,"href":"https:\/\/christusnews.de\/site\/wp-json\/wp\/v2\/posts\/22438\/revisions"}],"predecessor-version":[{"id":22439,"href":"https:\/\/christusnews.de\/site\/wp-json\/wp\/v2\/posts\/22438\/revisions\/22439"}],"wp:attachment":[{"href":"https:\/\/christusnews.de\/site\/wp-json\/wp\/v2\/media?parent=22438"}],"wp:term":[{"taxonomy":"category","embeddable":true,"href":"https:\/\/christusnews.de\/site\/wp-json\/wp\/v2\/categories?post=22438"},{"taxonomy":"post_tag","embeddable":true,"href":"https:\/\/christusnews.de\/site\/wp-json\/wp\/v2\/tags?post=22438"}],"curies":[{"name":"wp","href":"https:\/\/api.w.org\/{rel}","templated":true}]}}