{"id":22446,"date":"2022-10-19T08:16:00","date_gmt":"2022-10-19T06:16:00","guid":{"rendered":"https:\/\/christusnews.de\/site\/bremische-kirche-feiert-500-jahre-reformation-in-der-hansestadt\/"},"modified":"2022-10-20T11:18:31","modified_gmt":"2022-10-20T09:18:31","slug":"bremische-kirche-feiert-500-jahre-reformation-in-der-hansestadt","status":"publish","type":"post","link":"https:\/\/christusnews.de\/site\/bremische-kirche-feiert-500-jahre-reformation-in-der-hansestadt\/","title":{"rendered":"Bremische Kirche feiert 500 Jahre Reformation in der Hansestadt\u00a0"},"content":{"rendered":"<p class=\"MsoPlainText\">Bremen (epd). Vom \u00abPredigt-Battle\u00bb \u00fcber ein Mittelalterfest bis zur Kirmesmusik: Die Bremische Evangelische Kirche feiert im Oktober und im November mit einem vielf\u00e4ltigen Programm aus rund 100 Veranstaltungen unter dem Motto \u00abFreiraum\u00bb die erste evangelische Predigt, die vor 500 Jahren in der Hansestadt gehalten wurde. Dazu war der mit Martin Luther befreundete Geistliche Heinrich von Z\u00fctphen&nbsp;(1488-1524) an die Weser gekommen. Er hielt die Predigt am 9. November 1522 in der Bremer St.-Ansgarii-Kirche.<\/p>\n<p class=\"MsoPlainText\">&nbsp;<\/p>\n<p class=\"MsoPlainText\">Das sei der Startschuss f\u00fcr die Reformation an der Weser gewesen, schreiben Kirchenpr\u00e4sidentin Edda Boss und Bremens leitender Theologe Bernd Kuschnerus im Vorwort des Festprogramms. Die Kirche wolle mit den Angeboten ein gro\u00dfes reformatorisches Thema aufgreifen, die Freiheit des Glaubens, Denkens und Lebens.<\/p>\n<p class=\"MsoPlainText\">&nbsp;<\/p>\n<p class=\"MsoPlainText\">Geplant sind neben rund 40 besonderen Gottesdiensten im gesamten Stadtgebiet unter anderem spirituelle Angebote, Vortr\u00e4ge, Musik, Diskussionen und Ausstellungen. H\u00f6hepunkte sind am Reformationstag am 31. Oktober unter anderem eine \u00abKirmeswelt\u00bb im vom St\u00fchlen und B\u00e4nken befreiten St.-Petri-Dom sowie die Aktion \u00abselig schaukeln, hoffen, lieben\u00bb in der Stadtkirche Unser Lieben Frauen. Dabei k\u00f6nnen Besucherinnen und Besucher von 16 bis 20.30 im vom Lichtk\u00fcnstler Mario Haunhorst stimmungsvoll ausgeleuchteten Kirchenschiff sich auf zwei Schaukeln k\u00f6rperlich und seelisch buchst\u00e4blich in Schwingung versetzen.<\/p>\n<p class=\"MsoPlainText\">&nbsp;<\/p>\n<p class=\"MsoPlainText\">Bereits am Vorabend des Reformationsfestes wird in der Kirche St. Ansgarii um 17 Uhr das \u00abZ\u00fctphen-Oratorium\u00bb des Komponisten Keno Hankel uraufgef\u00fchrt, das das Leben und Wirken des Bremer Reformators von Z\u00fcthpen beleuchtet. Zu den weiteren H\u00f6hepunkten z\u00e4hlen ein Mittelalterfest in der St.-Ansgarii-Kirche am 5. November und ein \u00abPredigt-Battle\u00bb mit jeweils viermin\u00fctigen Beitr\u00e4gen am 9. November.&nbsp;Eingeladen dazu sind alle, die nicht als Pastor oder Pastorin arbeiten.<\/p>\n<p class=\"MsoPlainText\">&nbsp;<\/p>\n<p class=\"MsoPlainText\">1517 hatte Martin Luther (1483-1546) seine 95 Thesen gegen die Missst\u00e4nde der Kirche seiner Zeit ver\u00f6ffentlicht, die er der \u00dcberlieferung nach am 31. Oktober an die T\u00fcr der Wittenberger Schlosskirche nagelte. Der Thesenanschlag gilt als Ausgangspunkt der weltweiten Reformation, die die Spaltung in evangelische und katholische Kirche zur Folge hatte. Unterst\u00fctzt von Bremens B\u00fcrgermeister Daniel von B\u00fcren (1460-1541) nahm die Reformation dann ab 1522 auch in der Hansestadt ihren Lauf.<\/p>\n<p>Kirche-Oldenburg<br \/>\n<a href=\"https:\/\/www.kirche-oldenburg.de\/\/aktuell\/news-niedersachsen\/artikel\/bremische-kirche-feiert-500-jahre-reformation-in-der-hansestadt\" target=\"_blank\" rel=\"noopener\">Bremische Kirche feiert 500 Jahre Reformation in der Hansestadt\u00a0<\/a><\/p>\n","protected":false},"excerpt":{"rendered":"<p>Bremen (epd). Vom \u00abPredigt-Battle\u00bb \u00fcber ein Mittelalterfest bis zur Kirmesmusik: Die Bremische Evangelische Kirche feiert im Oktober und im November mit einem vielf\u00e4ltigen Programm aus rund 100 Veranstaltungen unter dem Motto \u00abFreiraum\u00bb die erste evangelische Predigt, die vor 500 Jahren in der Hansestadt gehalten wurde. Dazu war der mit Martin Luther befreundete Geistliche Heinrich von Z\u00fctphen&nbsp;(1488-1524) an die Weser gekommen. Er hielt die Predigt am 9. November 1522 in der Bremer St.-Ansgarii-Kirche. &nbsp; Das sei der Startschuss f\u00fcr die Reformation an der Weser gewesen, schreiben Kirchenpr\u00e4sidentin Edda Boss und Bremens leitender Theologe Bernd Kuschnerus im Vorwort des Festprogramms. Die Kirche&#8230;<\/p>\n","protected":false},"author":7,"featured_media":0,"comment_status":"false","ping_status":"open","sticky":false,"template":"","format":"standard","meta":{"footnotes":""},"categories":[43],"tags":[44],"class_list":["post-22446","post","type-post","status-publish","format-standard","hentry","category-kirche-oldenburg","tag-kirche-oldenburg"],"_links":{"self":[{"href":"https:\/\/christusnews.de\/site\/wp-json\/wp\/v2\/posts\/22446","targetHints":{"allow":["GET"]}}],"collection":[{"href":"https:\/\/christusnews.de\/site\/wp-json\/wp\/v2\/posts"}],"about":[{"href":"https:\/\/christusnews.de\/site\/wp-json\/wp\/v2\/types\/post"}],"author":[{"embeddable":true,"href":"https:\/\/christusnews.de\/site\/wp-json\/wp\/v2\/users\/7"}],"replies":[{"embeddable":true,"href":"https:\/\/christusnews.de\/site\/wp-json\/wp\/v2\/comments?post=22446"}],"version-history":[{"count":1,"href":"https:\/\/christusnews.de\/site\/wp-json\/wp\/v2\/posts\/22446\/revisions"}],"predecessor-version":[{"id":22447,"href":"https:\/\/christusnews.de\/site\/wp-json\/wp\/v2\/posts\/22446\/revisions\/22447"}],"wp:attachment":[{"href":"https:\/\/christusnews.de\/site\/wp-json\/wp\/v2\/media?parent=22446"}],"wp:term":[{"taxonomy":"category","embeddable":true,"href":"https:\/\/christusnews.de\/site\/wp-json\/wp\/v2\/categories?post=22446"},{"taxonomy":"post_tag","embeddable":true,"href":"https:\/\/christusnews.de\/site\/wp-json\/wp\/v2\/tags?post=22446"}],"curies":[{"name":"wp","href":"https:\/\/api.w.org\/{rel}","templated":true}]}}