{"id":22450,"date":"2022-10-20T10:50:00","date_gmt":"2022-10-20T08:50:00","guid":{"rendered":"https:\/\/christusnews.de\/site\/pastor-aus-ostfriesland-predigt-bei-kirchentag-vor-zehntausenden\/"},"modified":"2022-10-21T11:17:20","modified_gmt":"2022-10-21T09:17:20","slug":"pastor-aus-ostfriesland-predigt-bei-kirchentag-vor-zehntausenden","status":"publish","type":"post","link":"https:\/\/christusnews.de\/site\/pastor-aus-ostfriesland-predigt-bei-kirchentag-vor-zehntausenden\/","title":{"rendered":"Pastor aus Ostfriesland predigt bei Kirchentag vor Zehntausenden"},"content":{"rendered":"<p class=\"MsoPlainText\">Aurich\/N\u00fcrnberg (epd). Der ostfriesische Pastor Quinton Ceasar (38) wird am 11. Juni 2023 die Abschlusspredigt beim 38. Deutschen Evangelischen Kirchentag in N\u00fcrnberg halten. Die Entscheidung sei auf den jungen Theologen gefallen, um explizit j\u00fcngere Menschen anzusprechen, teilte der Kirchentag dem Evangelischen Pressedienst&nbsp;(epd) am Donnerstag mit. Ceasar stammt aus S\u00fcdafrika und ist seit einem Jahr Pastor an der Friedenskirche in Wiesmoor bei Aurich. Er wurde mit der Anfrage, ob er beim Kirchentag predigen k\u00f6nne, in einem Live-Talk auf Instagram \u00fcberrascht und sagte zu.<\/p>\n<p class=\"MsoPlainText\">&nbsp;<\/p>\n<p class=\"MsoPlainText\">Der Gottesdienst zum Abschluss des Kirchentags wird unter freiem Himmel in der N\u00fcrnberger Altstadt stattfinden. Erwartet werden mehrere Zehntausend Besucherinnen und Besucher. Einschlie\u00dflich der Zuschauer und Zuh\u00f6rer in Fernsehen und Rundfunk wird Ceasar vor bis zu zwei Millionen Menschen sprechen.<\/p>\n<p class=\"MsoPlainText\">&nbsp;<\/p>\n<p class=\"MsoPlainText\">\u00abIch sehe die Anfrage als krasse Chance, muss das aber erstmal sacken lassen\u00bb, sagte der Pastor im Gespr\u00e4ch mit der Theologin Sarah Vecera und Kirchentagspastor Arnd Schomerus auf Instagram. Er wolle in der Predigt ein klares Zeichen gegen Rassismus setzen. Die Predigt wird von der ARD sowie im Deutschlandfunk \u00fcbertragen. Zum Kirchentag in N\u00fcrnberg vom 7. bis 11. Juni 2023 werden rund 100.000 Dauerteilnehmer erwartet.<\/p>\n<p>Kirche-Oldenburg<br \/>\n<a href=\"https:\/\/www.kirche-oldenburg.de\/\/aktuell\/news-niedersachsen\/artikel\/pastor-aus-ostfriesland-predigt-bei-kirchentag-vor-zehntausenden\" target=\"_blank\" rel=\"noopener\">Pastor aus Ostfriesland predigt bei Kirchentag vor Zehntausenden<\/a><\/p>\n","protected":false},"excerpt":{"rendered":"<p>Aurich\/N\u00fcrnberg (epd). Der ostfriesische Pastor Quinton Ceasar (38) wird am 11. Juni 2023 die Abschlusspredigt beim 38. Deutschen Evangelischen Kirchentag in N\u00fcrnberg halten. Die Entscheidung sei auf den jungen Theologen gefallen, um explizit j\u00fcngere Menschen anzusprechen, teilte der Kirchentag dem Evangelischen Pressedienst&nbsp;(epd) am Donnerstag mit. Ceasar stammt aus S\u00fcdafrika und ist seit einem Jahr Pastor an der Friedenskirche in Wiesmoor bei Aurich. Er wurde mit der Anfrage, ob er beim Kirchentag predigen k\u00f6nne, in einem Live-Talk auf Instagram \u00fcberrascht und sagte zu. &nbsp; Der Gottesdienst zum Abschluss des Kirchentags wird unter freiem Himmel in der N\u00fcrnberger Altstadt stattfinden. Erwartet werden&#8230;<\/p>\n","protected":false},"author":7,"featured_media":0,"comment_status":"false","ping_status":"open","sticky":false,"template":"","format":"standard","meta":{"footnotes":""},"categories":[43],"tags":[44],"class_list":["post-22450","post","type-post","status-publish","format-standard","hentry","category-kirche-oldenburg","tag-kirche-oldenburg"],"_links":{"self":[{"href":"https:\/\/christusnews.de\/site\/wp-json\/wp\/v2\/posts\/22450","targetHints":{"allow":["GET"]}}],"collection":[{"href":"https:\/\/christusnews.de\/site\/wp-json\/wp\/v2\/posts"}],"about":[{"href":"https:\/\/christusnews.de\/site\/wp-json\/wp\/v2\/types\/post"}],"author":[{"embeddable":true,"href":"https:\/\/christusnews.de\/site\/wp-json\/wp\/v2\/users\/7"}],"replies":[{"embeddable":true,"href":"https:\/\/christusnews.de\/site\/wp-json\/wp\/v2\/comments?post=22450"}],"version-history":[{"count":1,"href":"https:\/\/christusnews.de\/site\/wp-json\/wp\/v2\/posts\/22450\/revisions"}],"predecessor-version":[{"id":22451,"href":"https:\/\/christusnews.de\/site\/wp-json\/wp\/v2\/posts\/22450\/revisions\/22451"}],"wp:attachment":[{"href":"https:\/\/christusnews.de\/site\/wp-json\/wp\/v2\/media?parent=22450"}],"wp:term":[{"taxonomy":"category","embeddable":true,"href":"https:\/\/christusnews.de\/site\/wp-json\/wp\/v2\/categories?post=22450"},{"taxonomy":"post_tag","embeddable":true,"href":"https:\/\/christusnews.de\/site\/wp-json\/wp\/v2\/tags?post=22450"}],"curies":[{"name":"wp","href":"https:\/\/api.w.org\/{rel}","templated":true}]}}