{"id":22456,"date":"2022-10-23T12:43:00","date_gmt":"2022-10-23T10:43:00","guid":{"rendered":"https:\/\/christusnews.de\/site\/rat-fuer-integration-verurteilt-anschlag-auf-fluechtlingsunterkunft\/"},"modified":"2022-10-24T23:17:45","modified_gmt":"2022-10-24T21:17:45","slug":"rat-fuer-integration-verurteilt-anschlag-auf-fluechtlingsunterkunft","status":"publish","type":"post","link":"https:\/\/christusnews.de\/site\/rat-fuer-integration-verurteilt-anschlag-auf-fluechtlingsunterkunft\/","title":{"rendered":"Rat f\u00fcr Integration verurteilt Anschlag auf Fl\u00fcchtlingsunterkunft"},"content":{"rendered":"<p>Bremen (epd). Der Bremer Rat f\u00fcr Integration hat den Brandanschlag auf eine Fl\u00fcchtlingsunterkunft nahe Wismar verurteilt und seine Solidarit\u00e4t mit den Betroffenen bekundet. Die Mitglieder st\u00fcnden hinter den Menschen, \u00abdie den schockierenden und retraumatisierenden Brand in der Gemeinde Gro\u00df Str\u00f6mkendorf in Mecklenburg-Vorpommern erleben mussten\u00bb, hei\u00dft es in einer Mitteilung vom Samstag. Es sei ersch\u00fctternd, dass Menschen, die vor dem Krieg nach Deutschland geflohen seien und in Deutschland Schutz suchten, angegriffen w\u00fcrden.<\/p>\n<p>\nDer Anschlag sei Ausdruck einer menschenfeindlicher Gesinnung und stelle somit auch einen Angriff auf das gesamtgesellschaftliche Zusammenleben dar. \u00abDie zunehmende Gewalt gegen\u00fcber Menschen mit Fluchterfahrung sehen wir mit Sorge und verurteilen wir aufs Sch\u00e4rfste.\u00bb Der Rat fordert eine l\u00fcckenlose Aufkl\u00e4rung. Zu oft blieben solche F\u00e4lle ungekl\u00e4rt.<\/p>\n<p>\nEin als Fl\u00fcchtlingsunterkunft genutztes Hotelgeb\u00e4ude in Gro\u00df Str\u00f6mkendorf bei Wismar war am Mittwochabend fast vollst\u00e4ndig zerst\u00f6rt worden. Die Polizei geht von Brandstiftung aus und vermutet einen politischen Hintergrund. Der Staatsschutz hat mittlerweile die Ermittlungen \u00fcbernommen. Die 14 ukrainischen Bewohner und drei Mitarbeiter konnten in Sicherheit gebracht werden.<\/p>\n<p>Kirche-Oldenburg<br \/>\n<a href=\"https:\/\/www.kirche-oldenburg.de\/\/aktuell\/news-niedersachsen\/artikel\/rat-fuer-integration-verurteilt-anschlag-auf-fluechtlingsunterkunft\" target=\"_blank\" rel=\"noopener\">Rat f\u00fcr Integration verurteilt Anschlag auf Fl\u00fcchtlingsunterkunft<\/a><\/p>\n","protected":false},"excerpt":{"rendered":"<p>Bremen (epd). Der Bremer Rat f\u00fcr Integration hat den Brandanschlag auf eine Fl\u00fcchtlingsunterkunft nahe Wismar verurteilt und seine Solidarit\u00e4t mit den Betroffenen bekundet. Die Mitglieder st\u00fcnden hinter den Menschen, \u00abdie den schockierenden und retraumatisierenden Brand in der Gemeinde Gro\u00df Str\u00f6mkendorf in Mecklenburg-Vorpommern erleben mussten\u00bb, hei\u00dft es in einer Mitteilung vom Samstag. Es sei ersch\u00fctternd, dass Menschen, die vor dem Krieg nach Deutschland geflohen seien und in Deutschland Schutz suchten, angegriffen w\u00fcrden. Der Anschlag sei Ausdruck einer menschenfeindlicher Gesinnung und stelle somit auch einen Angriff auf das gesamtgesellschaftliche Zusammenleben dar. \u00abDie zunehmende Gewalt gegen\u00fcber Menschen mit Fluchterfahrung sehen wir mit Sorge&#8230;<\/p>\n","protected":false},"author":7,"featured_media":0,"comment_status":"false","ping_status":"open","sticky":false,"template":"","format":"standard","meta":{"footnotes":""},"categories":[43],"tags":[44],"class_list":["post-22456","post","type-post","status-publish","format-standard","hentry","category-kirche-oldenburg","tag-kirche-oldenburg"],"_links":{"self":[{"href":"https:\/\/christusnews.de\/site\/wp-json\/wp\/v2\/posts\/22456","targetHints":{"allow":["GET"]}}],"collection":[{"href":"https:\/\/christusnews.de\/site\/wp-json\/wp\/v2\/posts"}],"about":[{"href":"https:\/\/christusnews.de\/site\/wp-json\/wp\/v2\/types\/post"}],"author":[{"embeddable":true,"href":"https:\/\/christusnews.de\/site\/wp-json\/wp\/v2\/users\/7"}],"replies":[{"embeddable":true,"href":"https:\/\/christusnews.de\/site\/wp-json\/wp\/v2\/comments?post=22456"}],"version-history":[{"count":1,"href":"https:\/\/christusnews.de\/site\/wp-json\/wp\/v2\/posts\/22456\/revisions"}],"predecessor-version":[{"id":22457,"href":"https:\/\/christusnews.de\/site\/wp-json\/wp\/v2\/posts\/22456\/revisions\/22457"}],"wp:attachment":[{"href":"https:\/\/christusnews.de\/site\/wp-json\/wp\/v2\/media?parent=22456"}],"wp:term":[{"taxonomy":"category","embeddable":true,"href":"https:\/\/christusnews.de\/site\/wp-json\/wp\/v2\/categories?post=22456"},{"taxonomy":"post_tag","embeddable":true,"href":"https:\/\/christusnews.de\/site\/wp-json\/wp\/v2\/tags?post=22456"}],"curies":[{"name":"wp","href":"https:\/\/api.w.org\/{rel}","templated":true}]}}