{"id":22458,"date":"2022-10-22T12:40:00","date_gmt":"2022-10-22T10:40:00","guid":{"rendered":"https:\/\/christusnews.de\/site\/extremismusforscher-warnt-vor-ungesunder-polarisierung\/"},"modified":"2022-10-24T23:17:46","modified_gmt":"2022-10-24T21:17:46","slug":"extremismusforscher-warnt-vor-ungesunder-polarisierung","status":"publish","type":"post","link":"https:\/\/christusnews.de\/site\/extremismusforscher-warnt-vor-ungesunder-polarisierung\/","title":{"rendered":"Extremismusforscher warnt vor \u00abungesunder Polarisierung\u00bb"},"content":{"rendered":"<p>Bremen\/Regensburg (epd). Der Regensburger Extremismusforscher Alexander Stra\u00dfner hat vor einer zunehmenden Gewaltbereitschaft und Radikalisierung der Gesellschaft gewarnt. In vielen westlichen Gesellschaften sei eine ungesunde Polarisierung zu beobachten, sagte Stra\u00dfner dem Bremer Weserkurier (Samstag). \u00abDa wird nicht mehr miteinander gestritten, sondern nur noch wechselseitig \u00fcbereinander geschimpft. Es gibt nur noch Vorsichtige und Impfgegner, Klimasch\u00fctzer und Klimawandelleugner, Migrantenfreunde und Nazis.\u00bb<\/p>\n<p>\nDazwischen existiere scheinbar im \u00f6ffentlichen Diskurs \u00fcberhaupt nichts mehr. \u00abAm Ende nimmt die Gewaltbereitschaft exzessiv zu, weil jede Seite f\u00fcr sich beansprucht, die politische Wahrheit gefunden zu haben\u00bb, sagte Stra\u00dfner und erg\u00e4nzte: \u00abDann braucht man auch keinen Pluralismus mehr, denn dann gibt es ja nichts mehr zu diskutieren.\u00bb Der Politikwissenschaftler an der Universit\u00e4t Regensburg hatte j\u00fcngst Klimaaktivisten wie \u00abDie letzte Generation\u00bb mit der RAF verglichen.<\/p>\n<p>\nDie Radikalisierung von Aktivisten vollziehe sich unabh\u00e4ngig vom Thema nicht mehr \u00fcber Jahre hinweg, sondern innerhalb von Wochen oder Tagen, sagte Stra\u00dfner dem \u00abWeserkurier\u00bb. Die modernen pluralistischen Gesellschaften seien zugleich auch verunsicherte Gesellschaften. Die Vielzahl der Lebensoptionen f\u00fcr junge Menschen stelle zunehmend eine \u00dcberforderung dar. Jugendstudien zeigten eine Sehnsucht nach Halt und Klarheit. \u00abWas ist politisch richtig, was falsch? Sich mit den unz\u00e4hligen Facetten auseinanderzusetzen ist m\u00fchsam, Extremismus hingegen einfach.\u00bb<\/p>\n<p>Kirche-Oldenburg<br \/>\n<a href=\"https:\/\/www.kirche-oldenburg.de\/\/aktuell\/news-niedersachsen\/artikel\/extremismusforscher-warnt-vor-ungesunder-polarisierung\" target=\"_blank\" rel=\"noopener\">Extremismusforscher warnt vor \u00abungesunder Polarisierung\u00bb<\/a><\/p>\n","protected":false},"excerpt":{"rendered":"<p>Bremen\/Regensburg (epd). Der Regensburger Extremismusforscher Alexander Stra\u00dfner hat vor einer zunehmenden Gewaltbereitschaft und Radikalisierung der Gesellschaft gewarnt. In vielen westlichen Gesellschaften sei eine ungesunde Polarisierung zu beobachten, sagte Stra\u00dfner dem Bremer Weserkurier (Samstag). \u00abDa wird nicht mehr miteinander gestritten, sondern nur noch wechselseitig \u00fcbereinander geschimpft. Es gibt nur noch Vorsichtige und Impfgegner, Klimasch\u00fctzer und Klimawandelleugner, Migrantenfreunde und Nazis.\u00bb Dazwischen existiere scheinbar im \u00f6ffentlichen Diskurs \u00fcberhaupt nichts mehr. \u00abAm Ende nimmt die Gewaltbereitschaft exzessiv zu, weil jede Seite f\u00fcr sich beansprucht, die politische Wahrheit gefunden zu haben\u00bb, sagte Stra\u00dfner und erg\u00e4nzte: \u00abDann braucht man auch keinen Pluralismus mehr, denn dann gibt&#8230;<\/p>\n","protected":false},"author":7,"featured_media":0,"comment_status":"false","ping_status":"open","sticky":false,"template":"","format":"standard","meta":{"footnotes":""},"categories":[43],"tags":[44],"class_list":["post-22458","post","type-post","status-publish","format-standard","hentry","category-kirche-oldenburg","tag-kirche-oldenburg"],"_links":{"self":[{"href":"https:\/\/christusnews.de\/site\/wp-json\/wp\/v2\/posts\/22458","targetHints":{"allow":["GET"]}}],"collection":[{"href":"https:\/\/christusnews.de\/site\/wp-json\/wp\/v2\/posts"}],"about":[{"href":"https:\/\/christusnews.de\/site\/wp-json\/wp\/v2\/types\/post"}],"author":[{"embeddable":true,"href":"https:\/\/christusnews.de\/site\/wp-json\/wp\/v2\/users\/7"}],"replies":[{"embeddable":true,"href":"https:\/\/christusnews.de\/site\/wp-json\/wp\/v2\/comments?post=22458"}],"version-history":[{"count":1,"href":"https:\/\/christusnews.de\/site\/wp-json\/wp\/v2\/posts\/22458\/revisions"}],"predecessor-version":[{"id":22459,"href":"https:\/\/christusnews.de\/site\/wp-json\/wp\/v2\/posts\/22458\/revisions\/22459"}],"wp:attachment":[{"href":"https:\/\/christusnews.de\/site\/wp-json\/wp\/v2\/media?parent=22458"}],"wp:term":[{"taxonomy":"category","embeddable":true,"href":"https:\/\/christusnews.de\/site\/wp-json\/wp\/v2\/categories?post=22458"},{"taxonomy":"post_tag","embeddable":true,"href":"https:\/\/christusnews.de\/site\/wp-json\/wp\/v2\/tags?post=22458"}],"curies":[{"name":"wp","href":"https:\/\/api.w.org\/{rel}","templated":true}]}}