{"id":22481,"date":"2022-10-25T09:01:00","date_gmt":"2022-10-25T07:01:00","guid":{"rendered":"https:\/\/christusnews.de\/site\/?p=22481"},"modified":"2022-10-25T09:02:15","modified_gmt":"2022-10-25T07:02:15","slug":"verstehen-im-glauben","status":"publish","type":"post","link":"https:\/\/christusnews.de\/site\/verstehen-im-glauben\/","title":{"rendered":"Verstehen im Glauben"},"content":{"rendered":"\n<p>R\u00f6mer 1, 16-17.<\/p>\n\n\n\n<p>16 Denn ich sch\u00e4me mich des Evangeliums nicht; denn es ist eine Kraft Gottes, die selig macht alle, die glauben, die Juden zuerst und ebenso die Griechen.&nbsp;<\/p>\n\n\n\n<p>Wie versteht einer die Kraft Gottes in einer ersch\u00fctterten Welt? Wir haben die letzten zwei Jahre eine Pandemie erfahren und nun befinden wir uns mitten in einem geopolitischen Konflikt zwischen den gro\u00dfen M\u00e4chten dieser Welt. Auch im Alltag sind wir von Konflikten unterschiedlicher Art konfrontiert. Wie sollen wir darum umgehen? Ich kenne kein Rezept. Ich glaube doch daran, dass die Kraft des Evangeliums erleuchtet, um kreativ, kooperativ und offen L\u00f6sungen zu finden und neue Wege zu gehen. Im Gespr\u00e4ch mit Anderen, mit mir selbst und Gott. Daraus entsteht neues Verst\u00e4ndnis und Vertrauen.&nbsp;<\/p>\n\n\n\n<p>Wir alle brauchen es, Verst\u00e4ndnis und zugleich Gnade zu sp\u00fcren. Und mithin verst\u00e4ndnisvoll zu agieren und vertrauen zu spenden. Amen<\/p>\n\n\n\n<p><\/p>\n\n\n\n<blockquote class=\"wp-block-quote is-layout-flow wp-block-quote-is-layout-flow\"><p><strong>Andr\u00e9s L\u00f3pez<\/strong><br>H<em>\u00f6ren Sie diesen Beitrag bei Radio Jade:<\/em><br><a rel=\"noreferrer noopener\" href=\"http:\/\/www.radio-jade.de\/mediathek\/angedacht\/\" target=\"_blank\"><em>Alle Beitr\u00e4ge im \u00dcberblick | RADIO JADE<\/em><\/a><\/p><\/blockquote>\n","protected":false},"excerpt":{"rendered":"<p>R\u00f6mer 1, 16-17. 16 Denn ich sch\u00e4me mich des Evangeliums nicht; denn es ist eine Kraft Gottes, die selig macht alle, die glauben, die Juden zuerst und ebenso die Griechen.&nbsp; Wie versteht einer die Kraft Gottes in einer ersch\u00fctterten Welt? Wir haben die letzten zwei Jahre eine Pandemie erfahren und nun befinden wir uns mitten in einem geopolitischen Konflikt zwischen den gro\u00dfen M\u00e4chten dieser Welt. Auch im Alltag sind wir von Konflikten unterschiedlicher Art konfrontiert. Wie sollen wir darum umgehen? Ich kenne kein Rezept. Ich glaube doch daran, dass die Kraft des Evangeliums erleuchtet, um kreativ, kooperativ und offen L\u00f6sungen&#8230;<\/p>\n","protected":false},"author":6,"featured_media":1171,"comment_status":"closed","ping_status":"open","sticky":false,"template":"","format":"standard","meta":{"footnotes":""},"categories":[5],"tags":[],"class_list":["post-22481","post","type-post","status-publish","format-standard","has-post-thumbnail","hentry","category-angedacht"],"_links":{"self":[{"href":"https:\/\/christusnews.de\/site\/wp-json\/wp\/v2\/posts\/22481","targetHints":{"allow":["GET"]}}],"collection":[{"href":"https:\/\/christusnews.de\/site\/wp-json\/wp\/v2\/posts"}],"about":[{"href":"https:\/\/christusnews.de\/site\/wp-json\/wp\/v2\/types\/post"}],"author":[{"embeddable":true,"href":"https:\/\/christusnews.de\/site\/wp-json\/wp\/v2\/users\/6"}],"replies":[{"embeddable":true,"href":"https:\/\/christusnews.de\/site\/wp-json\/wp\/v2\/comments?post=22481"}],"version-history":[{"count":1,"href":"https:\/\/christusnews.de\/site\/wp-json\/wp\/v2\/posts\/22481\/revisions"}],"predecessor-version":[{"id":22482,"href":"https:\/\/christusnews.de\/site\/wp-json\/wp\/v2\/posts\/22481\/revisions\/22482"}],"wp:featuredmedia":[{"embeddable":true,"href":"https:\/\/christusnews.de\/site\/wp-json\/wp\/v2\/media\/1171"}],"wp:attachment":[{"href":"https:\/\/christusnews.de\/site\/wp-json\/wp\/v2\/media?parent=22481"}],"wp:term":[{"taxonomy":"category","embeddable":true,"href":"https:\/\/christusnews.de\/site\/wp-json\/wp\/v2\/categories?post=22481"},{"taxonomy":"post_tag","embeddable":true,"href":"https:\/\/christusnews.de\/site\/wp-json\/wp\/v2\/tags?post=22481"}],"curies":[{"name":"wp","href":"https:\/\/api.w.org\/{rel}","templated":true}]}}