{"id":22489,"date":"2022-10-24T10:09:00","date_gmt":"2022-10-24T08:09:00","guid":{"rendered":"https:\/\/christusnews.de\/site\/brot-fuer-die-welt-eroeffnet-bundesweite-spendenaktion-in-oldenburg\/"},"modified":"2022-10-25T11:17:20","modified_gmt":"2022-10-25T09:17:20","slug":"brot-fuer-die-welt-eroeffnet-bundesweite-spendenaktion-in-oldenburg","status":"publish","type":"post","link":"https:\/\/christusnews.de\/site\/brot-fuer-die-welt-eroeffnet-bundesweite-spendenaktion-in-oldenburg\/","title":{"rendered":"\u00abBrot f\u00fcr die Welt\u00bb er\u00f6ffnet bundesweite Spendenaktion in Oldenburg"},"content":{"rendered":"<p>Oldenburg (epd). Das evangelische Hilfswerk \u00abBrot f\u00fcr die Welt\u00bb er\u00f6ffnet seine diesj\u00e4hrige bundesweite Spendenaktion zur Weihnachtszeit am 1. Advent in Oldenburg. Die 64. Kampagne steht wie im vergangenen Jahr unter dem Motto \u00abEine Welt. Ein Klima. Eine Zukunft\u00bb, wie das B\u00fcro des Oldenburger Bischofs Thomas Adomeit am Montag mitteilte.<\/p>\n<p>\nZur Er\u00f6ffnung ist ein Festgottesdienst geplant, der am 27. November um 10 Uhr in der Oldenburger Kirche zu Ohmstede beginnt und von der ARD \u00fcbertragen wird. Die Klimakrise treffe Menschen weltweit, aber nicht alle gleich, hei\u00dft es in einer Einladung von Adomeit und der Pr\u00e4sidentin des Hilfswerkes, Dagmar Pruin. \u00abDiejenigen, die am wenigsten dazu beigetragen haben, leiden am meisten unter ihr. Es sind die Schutzlosen und \u00c4rmsten, die von der Klimakrise am heftigsten betroffen sind.\u00bb<\/p>\n<p>\nAls weltweit t\u00e4tiges Entwicklungswerk der evangelischen Kirchen in Deutschland ist \u00abBrot f\u00fcr die Welt\u00bb eigenen Angaben zufolge mit lokalen Partnerorganisationen in mehr als 90 L\u00e4ndern rund um den Globus aktiv und unterst\u00fctzt weltweit etwa 1.800 Projekte. Ein zentraler Schwerpunkt ist die Sicherung von Ern\u00e4hrung. Daneben setzt sich das Hilfswerk auch f\u00fcr die F\u00f6rderung von Bildung und Gesundheit, den Zugang zu Wasser, die St\u00e4rkung der Demokratie, die Achtung der Menschenrechte, die Sicherung des Friedens sowie die Bewahrung der Sch\u00f6pfung ein.<\/p>\n<p>Kirche-Oldenburg<br \/>\n<a href=\"https:\/\/www.kirche-oldenburg.de\/\/aktuell\/news-niedersachsen\/artikel\/brot-fuer-die-welt-eroeffnet-bundesweite-spendenaktion-in-oldenburg\" target=\"_blank\" rel=\"noopener\">\u00abBrot f\u00fcr die Welt\u00bb er\u00f6ffnet bundesweite Spendenaktion in Oldenburg<\/a><\/p>\n","protected":false},"excerpt":{"rendered":"<p>Oldenburg (epd). Das evangelische Hilfswerk \u00abBrot f\u00fcr die Welt\u00bb er\u00f6ffnet seine diesj\u00e4hrige bundesweite Spendenaktion zur Weihnachtszeit am 1. Advent in Oldenburg. Die 64. Kampagne steht wie im vergangenen Jahr unter dem Motto \u00abEine Welt. Ein Klima. Eine Zukunft\u00bb, wie das B\u00fcro des Oldenburger Bischofs Thomas Adomeit am Montag mitteilte. Zur Er\u00f6ffnung ist ein Festgottesdienst geplant, der am 27. November um 10 Uhr in der Oldenburger Kirche zu Ohmstede beginnt und von der ARD \u00fcbertragen wird. Die Klimakrise treffe Menschen weltweit, aber nicht alle gleich, hei\u00dft es in einer Einladung von Adomeit und der Pr\u00e4sidentin des Hilfswerkes, Dagmar Pruin. \u00abDiejenigen, die&#8230;<\/p>\n","protected":false},"author":7,"featured_media":0,"comment_status":"false","ping_status":"open","sticky":false,"template":"","format":"standard","meta":{"footnotes":""},"categories":[43],"tags":[44],"class_list":["post-22489","post","type-post","status-publish","format-standard","hentry","category-kirche-oldenburg","tag-kirche-oldenburg"],"_links":{"self":[{"href":"https:\/\/christusnews.de\/site\/wp-json\/wp\/v2\/posts\/22489","targetHints":{"allow":["GET"]}}],"collection":[{"href":"https:\/\/christusnews.de\/site\/wp-json\/wp\/v2\/posts"}],"about":[{"href":"https:\/\/christusnews.de\/site\/wp-json\/wp\/v2\/types\/post"}],"author":[{"embeddable":true,"href":"https:\/\/christusnews.de\/site\/wp-json\/wp\/v2\/users\/7"}],"replies":[{"embeddable":true,"href":"https:\/\/christusnews.de\/site\/wp-json\/wp\/v2\/comments?post=22489"}],"version-history":[{"count":1,"href":"https:\/\/christusnews.de\/site\/wp-json\/wp\/v2\/posts\/22489\/revisions"}],"predecessor-version":[{"id":22490,"href":"https:\/\/christusnews.de\/site\/wp-json\/wp\/v2\/posts\/22489\/revisions\/22490"}],"wp:attachment":[{"href":"https:\/\/christusnews.de\/site\/wp-json\/wp\/v2\/media?parent=22489"}],"wp:term":[{"taxonomy":"category","embeddable":true,"href":"https:\/\/christusnews.de\/site\/wp-json\/wp\/v2\/categories?post=22489"},{"taxonomy":"post_tag","embeddable":true,"href":"https:\/\/christusnews.de\/site\/wp-json\/wp\/v2\/tags?post=22489"}],"curies":[{"name":"wp","href":"https:\/\/api.w.org\/{rel}","templated":true}]}}