{"id":22491,"date":"2022-10-25T14:03:50","date_gmt":"2022-10-25T12:03:50","guid":{"rendered":"https:\/\/christusnews.de\/site\/reformation-neu-feiern-was-gibt-halt\/"},"modified":"2022-10-25T23:17:21","modified_gmt":"2022-10-25T21:17:21","slug":"reformation-neu-feiern-was-gibt-halt","status":"publish","type":"post","link":"https:\/\/christusnews.de\/site\/reformation-neu-feiern-was-gibt-halt\/","title":{"rendered":"\u201eReformation neu feiern: Was gibt Halt?\u201c"},"content":{"rendered":"<p>Mit einem zentralen Podiumsgespr\u00e4ch und einer Andacht begehen die christlichen Kirchen im Oldenburger Land den diesj\u00e4hrigen Reformationstag, Montag, 31. Oktober, 17 Uhr, im Forum St. Peter und Forumskirche in Oldenburg. Seit Einf\u00fchrung als neuer gesetzlicher Feiertag 2018 wird der Reformationstag in Niedersachsen unter dem Motto: \u201eReformation neu feiern\u201c gefeiert. In diesem Jahr steht in Oldenburg die Veranstaltung der multilateralen \u00d6kumene unter dem Motto \u201eWas gibt Halt?\u201c.&nbsp;<br \/>\n&nbsp; &nbsp;<br \/>\nNach mehr als zweieinhalb Jahren hat sich der Alltag w\u00e4hrend der Corona-Pandemie in vielen Bereichen grundlegend ver\u00e4ndert. Der Angriffskrieg, den Russland seit dem 24. Februar gegen die Ukraine f\u00fchrt, hat dar\u00fcber hinaus bei vielen Menschen grundlegende \u00dcberzeugungen f\u00fcr ein friedliches Zusammenleben ersch\u00fcttert. Ebenso haben die verheerenden Folgen der Klimakrise, die zunehmende Feindseligkeit in der gesellschaftlichen Kommunikation, die Verunsicherung in der Unterscheidung zwischen Gut und B\u00f6se, eine Sehnsucht nach Halt und Best\u00e4rkung geweckt.<br \/>\n&nbsp; &nbsp;<br \/>\nDoch was gibt uns Halt? Und was h\u00e4lt uns wom\u00f6glich dabei auf? \u00dcber diese Fragen und \u00fcber Gemeinsamkeiten und Unterschiede in den verschiedenen Konfessionen werden Pastor Klaus Abraham von der Evangelisch-methodistischen Gemeinde Oldenburg, Dechant Michael Bohne vom Katholischen Dekanat Oldenburg, Kreispfarrer Torsten Maes des Evangelisch-Lutherischen Kirchenkreises Oldenburg Stadt und Vikarin Christine Oppermann aus der Evangelisch-reformierten Kirchengemeinde Loga in kurzen Statements berichten.&nbsp;<br \/>\n&nbsp; &nbsp;<br \/>\nDas Podiumsgespr\u00e4ch ist eingebettet in eine Andacht, die gemeinsam von Bischof Thomas Adomeit (Ev.-Luth. Kirche in Oldenburg), Weihbischof Wilfried Theising (Weihbischof in M\u00fcnster und Offizial des Offizialatsbezirks Oldenburg mit Sitz in Vechta) sowie die am Podiumsgespr\u00e4ch beteiligten Partnerinnen und Partner gefeiert wird. Es predigt Bischof Thomas Adomeit.<br \/>\n&nbsp;<\/p>\n<p>Kirche-Oldenburg<br \/>\n<a href=\"https:\/\/www.kirche-oldenburg.de\/\/aktuell\/pressemitteilungen\/artikel\/reformation-neu-feiern-was-gibt-halt\" target=\"_blank\" rel=\"noopener\">\u201eReformation neu feiern: Was gibt Halt?\u201c<\/a><\/p>\n","protected":false},"excerpt":{"rendered":"<p>Mit einem zentralen Podiumsgespr\u00e4ch und einer Andacht begehen die christlichen Kirchen im Oldenburger Land den diesj\u00e4hrigen Reformationstag, Montag, 31. Oktober, 17 Uhr, im Forum St. Peter und Forumskirche in Oldenburg. Seit Einf\u00fchrung als neuer gesetzlicher Feiertag 2018 wird der Reformationstag in Niedersachsen unter dem Motto: \u201eReformation neu feiern\u201c gefeiert. In diesem Jahr steht in Oldenburg die Veranstaltung der multilateralen \u00d6kumene unter dem Motto \u201eWas gibt Halt?\u201c.&nbsp; &nbsp; &nbsp; Nach mehr als zweieinhalb Jahren hat sich der Alltag w\u00e4hrend der Corona-Pandemie in vielen Bereichen grundlegend ver\u00e4ndert. Der Angriffskrieg, den Russland seit dem 24. Februar gegen die Ukraine f\u00fchrt, hat dar\u00fcber hinaus&#8230;<\/p>\n","protected":false},"author":7,"featured_media":0,"comment_status":"false","ping_status":"open","sticky":false,"template":"","format":"standard","meta":{"footnotes":""},"categories":[43],"tags":[44],"class_list":["post-22491","post","type-post","status-publish","format-standard","hentry","category-kirche-oldenburg","tag-kirche-oldenburg"],"_links":{"self":[{"href":"https:\/\/christusnews.de\/site\/wp-json\/wp\/v2\/posts\/22491","targetHints":{"allow":["GET"]}}],"collection":[{"href":"https:\/\/christusnews.de\/site\/wp-json\/wp\/v2\/posts"}],"about":[{"href":"https:\/\/christusnews.de\/site\/wp-json\/wp\/v2\/types\/post"}],"author":[{"embeddable":true,"href":"https:\/\/christusnews.de\/site\/wp-json\/wp\/v2\/users\/7"}],"replies":[{"embeddable":true,"href":"https:\/\/christusnews.de\/site\/wp-json\/wp\/v2\/comments?post=22491"}],"version-history":[{"count":1,"href":"https:\/\/christusnews.de\/site\/wp-json\/wp\/v2\/posts\/22491\/revisions"}],"predecessor-version":[{"id":22492,"href":"https:\/\/christusnews.de\/site\/wp-json\/wp\/v2\/posts\/22491\/revisions\/22492"}],"wp:attachment":[{"href":"https:\/\/christusnews.de\/site\/wp-json\/wp\/v2\/media?parent=22491"}],"wp:term":[{"taxonomy":"category","embeddable":true,"href":"https:\/\/christusnews.de\/site\/wp-json\/wp\/v2\/categories?post=22491"},{"taxonomy":"post_tag","embeddable":true,"href":"https:\/\/christusnews.de\/site\/wp-json\/wp\/v2\/tags?post=22491"}],"curies":[{"name":"wp","href":"https:\/\/api.w.org\/{rel}","templated":true}]}}