{"id":22532,"date":"2022-11-02T07:33:00","date_gmt":"2022-11-02T06:33:00","guid":{"rendered":"https:\/\/christusnews.de\/site\/diese-kunst-muenstermanns-ist-ein-geschenk\/"},"modified":"2022-11-02T10:17:24","modified_gmt":"2022-11-02T09:17:24","slug":"diese-kunst-muenstermanns-ist-ein-geschenk","status":"publish","type":"post","link":"https:\/\/christusnews.de\/site\/diese-kunst-muenstermanns-ist-ein-geschenk\/","title":{"rendered":"Diese Kunst M\u00fcnstermanns ist ein Geschenk"},"content":{"rendered":"<p>Am Sonntag feierte die Ludwig-M\u00fcnstermann-Gesellschaft in der St.-Secundus-Kirche zu Schwei ihren j\u00e4hrlichen Festgottesdienst. Kreispfarrerin Christiane Geerken-Thomas begr\u00fc\u00dfte die fachliche Unterst\u00fctzung durch das Netzwerk der Gesellschaft, da besonders den kleinen Gemeinden in der Wesermarsch nur geringe finanzielle und personelle Spielr\u00e4ume zur Verf\u00fcgung stehen. Das Gemeindeleben vor Ort zu gestalten, ist bereits eine gro\u00dfe Herausforderung, und dabei die Kunst im Blick zu behalten f\u00e4llt nicht leicht. Pfarrerin Birgit Fa\u00df predigte \u00fcber die Frage nach dem h\u00f6chsten Gebot (Markus 12).&nbsp;<br \/>\n&nbsp; &nbsp;<br \/>\nDie Schweier Kanzel ist getragen von einer Moses-Figur Ludwig M\u00fcnstermanns. Auf dem Fundament des alten Bundes mit allen Weisungen des Mose steht das Christusgeschehen und leben wir unseren Glauben bis heute. Meister M\u00fcnstermann hat ihn mit lutherischem Akzent einzigartig in Szene gesetzt. \u201eWas f\u00fcr ein Geschenk!\u201c.&nbsp;<br \/>\n&nbsp; &nbsp;<br \/>\nIn der anschlie\u00dfenden Jahresversammlung berichteten die Vorsitzenden Dr. Dietmar Ponert und Pfarrer Tom Brok von aktuellen Vorhaben und Entwicklungen. In 2022 wurde das \u201eInternetportal f\u00fcr Wissenschaft und Reisende\u201c ans Netz gebracht. Die Erg\u00e4nzung ikonographischer Details an der Schweier Kanzel (1618) wurde beratend begleitet. Die himmlische Begegnung zwischen der Musik J.P. Sweelincks und dem M\u00fcnstermann-Altar in Hohenkirchen (1620) war \u201egrenz\u00fcberschreitend\u201c. Der Begleiter zu den Werken M\u00fcnstermanns ist bei Isensee gedruckt erschienen. Die Bibliotheken Graf Anton G\u00fcnthers und Pastor Rosas (Holle) kommen wissenschaftlich in den Blick. Die \u201eLange Nacht der Acht\u201c in den Butjadinger Kirchen brachte auch Ludwig M\u00fcnstermann und seinen Gesellen Onno Dircksen auf die B\u00fchne. Die K\u00fcnstlerin Katrin Sch\u00f6\u00df aus Oldenburg zeigte erste kraftvolle Studien, die sie in der Vareler Schlosskirche von Werken M\u00fcnstermanns gezeichnet hat. Die multifunktional nutzbare Schweier Kirche wurde schlie\u00dflich zum Kino. Ibeling van Lessen zeigte den historischen Film \u201eZu Gottes Ehr und Zier\u201c, den das Bundesfilmarchiv restauriert und dokumentiert hat. Annemarie Cornelius konnte berichten, dass die Gesellschaft am 29. Oktober 2023 in Tossens willkommen ist. Mit herzlichem Dank f\u00fcr die wunderbare Gastfreundschaft in Schwei ging eine themenreiche Versammlung zu Ende. &nbsp;&nbsp;<br \/>\n&nbsp; &nbsp;<br \/>\n<em>Ein Beitrag von Tom Brok<\/em><\/p>\n<p>Kirche-Oldenburg<br \/>\n<a href=\"https:\/\/www.kirche-oldenburg.de\/\/aktuell\/aus-den-kirchenkreisen\/artikel\/diese-kunst-muenstermanns-ist-ein-geschenk\" target=\"_blank\" rel=\"noopener\">Diese Kunst M\u00fcnstermanns ist ein Geschenk<\/a><\/p>\n","protected":false},"excerpt":{"rendered":"<p>Am Sonntag feierte die Ludwig-M\u00fcnstermann-Gesellschaft in der St.-Secundus-Kirche zu Schwei ihren j\u00e4hrlichen Festgottesdienst. Kreispfarrerin Christiane Geerken-Thomas begr\u00fc\u00dfte die fachliche Unterst\u00fctzung durch das Netzwerk der Gesellschaft, da besonders den kleinen Gemeinden in der Wesermarsch nur geringe finanzielle und personelle Spielr\u00e4ume zur Verf\u00fcgung stehen. Das Gemeindeleben vor Ort zu gestalten, ist bereits eine gro\u00dfe Herausforderung, und dabei die Kunst im Blick zu behalten f\u00e4llt nicht leicht. Pfarrerin Birgit Fa\u00df predigte \u00fcber die Frage nach dem h\u00f6chsten Gebot (Markus 12).&nbsp; &nbsp; &nbsp; Die Schweier Kanzel ist getragen von einer Moses-Figur Ludwig M\u00fcnstermanns. Auf dem Fundament des alten Bundes mit allen Weisungen des Mose&#8230;<\/p>\n","protected":false},"author":7,"featured_media":0,"comment_status":"false","ping_status":"open","sticky":false,"template":"","format":"standard","meta":{"footnotes":""},"categories":[43],"tags":[44],"class_list":["post-22532","post","type-post","status-publish","format-standard","hentry","category-kirche-oldenburg","tag-kirche-oldenburg"],"_links":{"self":[{"href":"https:\/\/christusnews.de\/site\/wp-json\/wp\/v2\/posts\/22532","targetHints":{"allow":["GET"]}}],"collection":[{"href":"https:\/\/christusnews.de\/site\/wp-json\/wp\/v2\/posts"}],"about":[{"href":"https:\/\/christusnews.de\/site\/wp-json\/wp\/v2\/types\/post"}],"author":[{"embeddable":true,"href":"https:\/\/christusnews.de\/site\/wp-json\/wp\/v2\/users\/7"}],"replies":[{"embeddable":true,"href":"https:\/\/christusnews.de\/site\/wp-json\/wp\/v2\/comments?post=22532"}],"version-history":[{"count":1,"href":"https:\/\/christusnews.de\/site\/wp-json\/wp\/v2\/posts\/22532\/revisions"}],"predecessor-version":[{"id":22533,"href":"https:\/\/christusnews.de\/site\/wp-json\/wp\/v2\/posts\/22532\/revisions\/22533"}],"wp:attachment":[{"href":"https:\/\/christusnews.de\/site\/wp-json\/wp\/v2\/media?parent=22532"}],"wp:term":[{"taxonomy":"category","embeddable":true,"href":"https:\/\/christusnews.de\/site\/wp-json\/wp\/v2\/categories?post=22532"},{"taxonomy":"post_tag","embeddable":true,"href":"https:\/\/christusnews.de\/site\/wp-json\/wp\/v2\/tags?post=22532"}],"curies":[{"name":"wp","href":"https:\/\/api.w.org\/{rel}","templated":true}]}}