{"id":22536,"date":"2022-11-01T07:48:00","date_gmt":"2022-11-01T06:48:00","guid":{"rendered":"https:\/\/christusnews.de\/site\/vom-kapitaen-zum-pastor\/"},"modified":"2022-11-02T10:17:25","modified_gmt":"2022-11-02T09:17:25","slug":"vom-kapitaen-zum-pastor","status":"publish","type":"post","link":"https:\/\/christusnews.de\/site\/vom-kapitaen-zum-pastor\/","title":{"rendered":"Vom Kapit\u00e4n zum Pastor"},"content":{"rendered":"<p class=\"MsoPlainText\">Hannover\/Leer\/Hanstedt (epd). Es ist noch gar nicht so lange her, da stand Jonas Buja als ehrenamtlicher Kapit\u00e4n auf der Kommandobr\u00fccke des zivilen Seenotrettungsschiffs \u00abIuventa\u00bb und fuhr \u00fcber das Mittelmeer. Rund 8.000 Fl\u00fcchtlinge rettete er gemeinsam mit der Crew des ehemaligen Fischtrawlers vor dem Ertrinken, teils in Kooperation mit anderen Initiativen. Hauptberuflich war der nautische Offizier aus dem ostfriesischen Leer auf Gas-Tankern unterwegs. Doch das alles ist jetzt Geschichte, Buja hat die Kommandobr\u00fccke mit dem H\u00f6rsaal getauscht. Als Quereinsteiger studiert der 30-J\u00e4hrige nun in Wuppertal evangelische Theologie. Sein Ziel ist das Pfarramt &#8211; mit Seelsorge und Kanzel.<\/p>\n<p class=\"MsoPlainText\">&nbsp;<\/p>\n<p class=\"MsoPlainText\">Der Kurswechsel zeichnete sich 2019 an Bord des Dreimastseglers \u00abThor Heyerdahl ab, auf dem er als Crewmitglied eine Jugendreise begleitet hat. \u00bbDas war ein sehr erf\u00fcllendes Miteinander von Menschen, in der Berufsschifffahrt ist es doch meist ein Nebeneinander\u00ab, blickt Buja zur\u00fcck, der sich auch als Kirchenvorsteher in seiner evangelischen Heimatgemeinde Holtland engagiert. Sein Ziel: \u00bbAls Seelsorger f\u00fcr die Menschen da sein, ihnen helfen, ihr Leben zu gestalten.\u00ab<\/p>\n<p class=\"MsoPlainText\">&nbsp;<\/p>\n<p class=\"MsoPlainText\">Vorwiegend l\u00e4uft das Masterstudium \u00bbTheological Studies\u00ab an der Kirchlichen Hochschule Wuppertal berufsbegleitend, sieben Semester inklusive Vorbereitungskurs. Doch das funktioniert bei Buja nicht. \u00bbDie Arbeit auf See und das Studium vertragen sich nicht. Deshalb habe ich meinen Job komplett aufgegeben und studiere Vollzeit\u00ab, berichtet er. Finanziell ist er durch eigene R\u00fccklagen abgesichert.&nbsp;Au\u00dferdem unterst\u00fctzen ihn seine Eltern.<\/p>\n<p class=\"MsoPlainText\">&nbsp;<\/p>\n<p class=\"MsoPlainText\">Ulrike Meyer ist schon weiter. Die 53-j\u00e4hrige Bauingenieurin, Sopranistin und Mutter von zwei erwachsenen Kindern hat das theologische Studium bereits absolviert. Auch das Vikariat, der praktischen Teil der Ausbildung, ist abgeschlossen. Das sei nicht immer einfach gewesen, die auf drei Jahre komprimierte Studienzeit habe sie als \u00bbDruckbetankung\u00ab empfunden, sagt Mayer &#8211; und erg\u00e4nzt: \u00bbMit vielen positiven Impulsen f\u00fcr Hirn und Geist.\u00ab<\/p>\n<p class=\"MsoPlainText\">&nbsp;<\/p>\n<p class=\"MsoPlainText\">Ihre Arbeit als Tragwerksplanerin mit mathematischem Blick auf die Statik gro\u00dfer Bauten &#8211; vorbei. \u00bbIch hatte Spa\u00df mit den Zahlen\u00ab, sagt sie. Doch nun konzentriere sie sich auf neue Aufgaben. Im Fr\u00fchjahr wurde sie zur Pastorin ordiniert. Seither arbeitet sie als Seelsorgerin an der evangelischen St.-Jakobi-Kirche in Hanstedt bei Hamburg.<\/p>\n<p class=\"MsoPlainText\">&nbsp;<\/p>\n<p class=\"MsoPlainText\">\u00bbDie Verbindung zu den Menschen ist mir wichtig\u00ab, betont die Theologin, in Gottesdienst, Seelsorge und Konfirmandenarbeit. Und auch die Musik und Solo-Konzerte sollen weiter wichtig bleiben. \u00bbDas ist meine Leidenschaft\u00ab, sagt die Profi-S\u00e4ngerin.<\/p>\n<p class=\"MsoPlainText\">&nbsp;<\/p>\n<p class=\"MsoPlainText\">Als Nautiker oder Ingenieurin Pastor oder Pfarrerin werden?&nbsp;Quereinsteiger wie Buja und Meyer werden immer wichtiger &#8211; neben den Absolventen des grundst\u00e4ndigen Theologiestudiums, das mindestens zehn Semester dauert. Denn die Kirchen in Deutschland rechnen bis 2030 mit deutlich weniger Pastorinnen und Pastoren. Viele aus den geburtenstarken Jahrg\u00e4ngen gehen in den Ruhestand.<\/p>\n<p class=\"MsoPlainText\">&nbsp;<\/p>\n<p class=\"MsoPlainText\">Zwar r\u00fcckt im gleichen Zeitraum Nachwuchs auf. Und aufgrund sinkender Mitgliederzahlen der Kirchen und r\u00fcckl\u00e4ufiger Finanzmittel werden auch Pfarrstellen gestrichen. Trotzdem besteht die Sorge, dass der zuk\u00fcnftige Bedarf an theologischem Personal nur schwer gedeckt werden kann. Allein die Evangelisch-lutherische Landeskirche Hannovers, die gr\u00f6\u00dfte Landeskirche in Deutschland, rechnet damit, dass in n\u00e4chster Zeit j\u00e4hrlich etwa 100 Pastorinnen und Pastoren in den Ruhestand gehen. 2030 sollen es dann insgesamt etwa 1.200 Pastorinnen und Pastoren sein, heute sind es 1.590.<\/p>\n<p class=\"MsoPlainText\">&nbsp;<\/p>\n<p class=\"MsoPlainText\">Auch um m\u00f6glichst viele Stellen wieder besetzen zu k\u00f6nnen, hat die Evangelische Kirche in Deutschland (EKD) 2019 f\u00fcr Quereinsteiger den \u00bbMaster of Theological Studies\u00ab eingef\u00fchrt. \u00bbVoraussetzung f\u00fcr die Bewerbung um einen Studienplatz in Heidelberg, Marburg, Frankfurt und Mainz, Wuppertal oder Greifswald sind ein nicht-theologisches universit\u00e4res Studium und f\u00fcnf Jahre einschl\u00e4gige Berufserfahrung\u00ab, erl\u00e4utert EKD-Hochschulreferentin Christiane de Vos.<\/p>\n<p class=\"MsoPlainText\">&nbsp;<\/p>\n<p class=\"MsoPlainText\">\u00c4ltere Ausbildungen zum \u00bbPfarrverwalter\u00ab, der dann auch den Titel des Pastors f\u00fchrt, gibt es in Bayern und in der hannoverschen Landeskirche. \u00bbSo einfach aus dem Off geht das aber auch nicht\u00ab, sagt Oberkirchenrat Helmut A\u00dfmann, der in der hannoverschen Landeskirche f\u00fcr die theologische Ausbildung zust\u00e4ndig ist. Die Zugangsvoraussetzungen f\u00fcr die 18-monatige Ausbildung sind nach seinen Worten hoch, Kompetenzen aus kirchlich-diakonischen Berufen oder eine intensive kirchliche Sozialisation Pflicht.<\/p>\n<p class=\"MsoPlainText\">&nbsp;<\/p>\n<p class=\"MsoPlainText\">Maximal f\u00fcnf Personen aus der hannoverschen Landeskirche werden pro Jahrgang f\u00fcr diesen besonderen Zugang von einer Kommission ausgew\u00e4hlt. Keine Zahlen, die die Nachwuchsprobleme l\u00f6sen. Trotzdem: Regionalbischof Stephan Schaede, der Ulrike Meyer ordiniert hat, freut sich neben den \u00bbGrundst\u00e4ndigen\u00ab auf alle, die quer ins Pfarramt einsteigen. Sie bereicherten die Kirche mit ihren Lebenserfahrungen:&nbsp;\u00bbDurch Kolleginnen und Kollegen wie Ulrike Meyer kommt es zu einer professionellen Durchl\u00fcftung des Berufsstandes.&#8221;<\/p>\n<p>Kirche-Oldenburg<br \/>\n<a href=\"https:\/\/www.kirche-oldenburg.de\/\/aktuell\/news-niedersachsen\/artikel\/vom-kapitaen-zum-pastor\" target=\"_blank\" rel=\"noopener\">Vom Kapit\u00e4n zum Pastor<\/a><\/p>\n","protected":false},"excerpt":{"rendered":"<p>Hannover\/Leer\/Hanstedt (epd). Es ist noch gar nicht so lange her, da stand Jonas Buja als ehrenamtlicher Kapit\u00e4n auf der Kommandobr\u00fccke des zivilen Seenotrettungsschiffs \u00abIuventa\u00bb und fuhr \u00fcber das Mittelmeer. Rund 8.000 Fl\u00fcchtlinge rettete er gemeinsam mit der Crew des ehemaligen Fischtrawlers vor dem Ertrinken, teils in Kooperation mit anderen Initiativen. Hauptberuflich war der nautische Offizier aus dem ostfriesischen Leer auf Gas-Tankern unterwegs. Doch das alles ist jetzt Geschichte, Buja hat die Kommandobr\u00fccke mit dem H\u00f6rsaal getauscht. Als Quereinsteiger studiert der 30-J\u00e4hrige nun in Wuppertal evangelische Theologie. Sein Ziel ist das Pfarramt &#8211; mit Seelsorge und Kanzel. &nbsp; Der Kurswechsel zeichnete&#8230;<\/p>\n","protected":false},"author":7,"featured_media":0,"comment_status":"false","ping_status":"open","sticky":false,"template":"","format":"standard","meta":{"footnotes":""},"categories":[43],"tags":[44],"class_list":["post-22536","post","type-post","status-publish","format-standard","hentry","category-kirche-oldenburg","tag-kirche-oldenburg"],"_links":{"self":[{"href":"https:\/\/christusnews.de\/site\/wp-json\/wp\/v2\/posts\/22536","targetHints":{"allow":["GET"]}}],"collection":[{"href":"https:\/\/christusnews.de\/site\/wp-json\/wp\/v2\/posts"}],"about":[{"href":"https:\/\/christusnews.de\/site\/wp-json\/wp\/v2\/types\/post"}],"author":[{"embeddable":true,"href":"https:\/\/christusnews.de\/site\/wp-json\/wp\/v2\/users\/7"}],"replies":[{"embeddable":true,"href":"https:\/\/christusnews.de\/site\/wp-json\/wp\/v2\/comments?post=22536"}],"version-history":[{"count":1,"href":"https:\/\/christusnews.de\/site\/wp-json\/wp\/v2\/posts\/22536\/revisions"}],"predecessor-version":[{"id":22537,"href":"https:\/\/christusnews.de\/site\/wp-json\/wp\/v2\/posts\/22536\/revisions\/22537"}],"wp:attachment":[{"href":"https:\/\/christusnews.de\/site\/wp-json\/wp\/v2\/media?parent=22536"}],"wp:term":[{"taxonomy":"category","embeddable":true,"href":"https:\/\/christusnews.de\/site\/wp-json\/wp\/v2\/categories?post=22536"},{"taxonomy":"post_tag","embeddable":true,"href":"https:\/\/christusnews.de\/site\/wp-json\/wp\/v2\/tags?post=22536"}],"curies":[{"name":"wp","href":"https:\/\/api.w.org\/{rel}","templated":true}]}}