{"id":22548,"date":"2022-11-03T09:15:00","date_gmt":"2022-11-03T08:15:00","guid":{"rendered":"https:\/\/christusnews.de\/site\/kinder-und-jugendbuchmesse-zeigt-comics-und-graphic-novels\/"},"modified":"2022-11-04T10:17:30","modified_gmt":"2022-11-04T09:17:30","slug":"kinder-und-jugendbuchmesse-zeigt-comics-und-graphic-novels","status":"publish","type":"post","link":"https:\/\/christusnews.de\/site\/kinder-und-jugendbuchmesse-zeigt-comics-und-graphic-novels\/","title":{"rendered":"Kinder- und Jugendbuchmesse zeigt Comics und Graphic Novels"},"content":{"rendered":"<p class=\"MsoPlainText\">Oldenburg (epd). Comics und Graphic Novels stehen in diesem Jahr im Zentrum von Deutschlands gr\u00f6\u00dfter nichtkommerzieller Kinder- und Jugendbuchmesse, der Oldenburger \u00abKibum\u00bb. Unter dem Motto \u00abMehr als krach und bumm! Kibum\u00bb startet am 12. November die Messe im Oldenburger Kulturzentrum PFL nach zwei Jahren der Corona-Einschr\u00e4nkungen wieder in Pr\u00e4senz, sagte die Leiterin der Oldenburger Stadtbibliothek, Heike Janssen, am Donnerstag. Schon jetzt seien mehr als 14.500 Kinder mit ihren Kita-Gruppen und Grundschulklassen angemeldet.<\/p>\n<p class=\"MsoPlainText\">&nbsp;<\/p>\n<p class=\"MsoPlainText\">Die fr\u00fcher verp\u00f6nten Comics seien mittlerweile ein wichtiger Teil der Lesef\u00f6rderung, unterstrich Janssen. Die Verschmelzungen von Bildern und Texten schafften einen besonderen Leseanreiz. Der sei heute n\u00f6tiger denn je: Laut Bildungsstudien verf\u00fcge allein in Niedersachsen jedes f\u00fcnfte Kind nicht \u00fcber eine altersgem\u00e4\u00dfe Lesekompetenz.<\/p>\n<p class=\"MsoPlainText\">&nbsp;<\/p>\n<p class=\"MsoPlainText\">Bis zum 22. November seien neben der Leselandschaft im PFL zum Schm\u00f6kern und Entdecken mehr als 250 Begleitveranstaltungen geplant, erl\u00e4uterte die Programmverantwortliche Regina Peters. Dazu geh\u00f6rten Lesungen von Autoren und Autorinnen und Workshops mit Illustratorinnen und Illustratoren im PFL, in Schulen und Kitas. Viele Veranstaltungen k\u00f6nnten via Internet als Livestream verfolgt werden.<\/p>\n<p class=\"MsoPlainText\">&nbsp;<\/p>\n<p class=\"MsoPlainText\">Christian K\u00fchn von der Oldenburger Universit\u00e4tsbibliothek erg\u00e4nzte, dass in diesem Jahr von den rund 9.000 deutschsprachigen Neuerscheinungen der Kinder- und Jugendliteratur mehr als 2.000 f\u00fcr die Kibum eingeworben werden konnten. Das Spektrum reiche vom Bilderbuch ohne Text \u00fcber Kinderb\u00fccher zur ersten Nacht allein im eigenen Kinderzimmer (\u00abOb Mama und Papa wohl ohne mich schlafen k\u00f6nnen?\u00bb) bis hin zu ernsten Graphic Novels zum Klimawandel und der Erderw\u00e4rmung.<\/p>\n<p class=\"MsoPlainText\">&nbsp;<\/p>\n<p class=\"MsoPlainText\">Der Leiter der Forschungsstelle f\u00fcr Kinder- und Jugendliteratur der Universit\u00e4t Oldenburg, Professor Thomas Boyken, k\u00fcndigte eine wissenschaftliche Fachtagung zur Kibum an, bei der es um Kindheit und Jugend in aktuellen Comics und Graphic Novels gehe. Au\u00dferdem sei erneut das Online-Format \u00abWissenschaft in zehn Minuten\u00bb geplant. Dabei sollen Expertinnen und Experten allgemeinverst\u00e4ndliche Einblicke in ihre Arbeiten zur aktuellen und historischen Jugendliteratur geben.<\/p>\n<p class=\"MsoPlainText\">&nbsp;<\/p>\n<p class=\"MsoPlainText\">Schirmherr der 48. Kibum ist der internationale Star der Kinder- und Jugendbuchszene, Jeff Kinney aus den Vereinigten Staaten, der auch zur Er\u00f6ffnung erwartet wird. Bekannt wurde er mit \u00abGregs Tageb\u00fcchern\u00bb, die weltweit mehr als 250 Millionen Mal verkauft und in&nbsp;56 Sprachen \u00fcbersetzt worden seien.<\/p>\n<p>Kirche-Oldenburg<br \/>\n<a href=\"https:\/\/www.kirche-oldenburg.de\/\/aktuell\/news-niedersachsen\/artikel\/kinder-und-jugendbuchmesse-zeigt-comics-und-graphic-novels\" target=\"_blank\" rel=\"noopener\">Kinder- und Jugendbuchmesse zeigt Comics und Graphic Novels<\/a><\/p>\n","protected":false},"excerpt":{"rendered":"<p>Oldenburg (epd). Comics und Graphic Novels stehen in diesem Jahr im Zentrum von Deutschlands gr\u00f6\u00dfter nichtkommerzieller Kinder- und Jugendbuchmesse, der Oldenburger \u00abKibum\u00bb. Unter dem Motto \u00abMehr als krach und bumm! Kibum\u00bb startet am 12. November die Messe im Oldenburger Kulturzentrum PFL nach zwei Jahren der Corona-Einschr\u00e4nkungen wieder in Pr\u00e4senz, sagte die Leiterin der Oldenburger Stadtbibliothek, Heike Janssen, am Donnerstag. Schon jetzt seien mehr als 14.500 Kinder mit ihren Kita-Gruppen und Grundschulklassen angemeldet. &nbsp; Die fr\u00fcher verp\u00f6nten Comics seien mittlerweile ein wichtiger Teil der Lesef\u00f6rderung, unterstrich Janssen. Die Verschmelzungen von Bildern und Texten schafften einen besonderen Leseanreiz. Der sei heute n\u00f6tiger&#8230;<\/p>\n","protected":false},"author":7,"featured_media":0,"comment_status":"false","ping_status":"open","sticky":false,"template":"","format":"standard","meta":{"footnotes":""},"categories":[43],"tags":[44],"class_list":["post-22548","post","type-post","status-publish","format-standard","hentry","category-kirche-oldenburg","tag-kirche-oldenburg"],"_links":{"self":[{"href":"https:\/\/christusnews.de\/site\/wp-json\/wp\/v2\/posts\/22548","targetHints":{"allow":["GET"]}}],"collection":[{"href":"https:\/\/christusnews.de\/site\/wp-json\/wp\/v2\/posts"}],"about":[{"href":"https:\/\/christusnews.de\/site\/wp-json\/wp\/v2\/types\/post"}],"author":[{"embeddable":true,"href":"https:\/\/christusnews.de\/site\/wp-json\/wp\/v2\/users\/7"}],"replies":[{"embeddable":true,"href":"https:\/\/christusnews.de\/site\/wp-json\/wp\/v2\/comments?post=22548"}],"version-history":[{"count":1,"href":"https:\/\/christusnews.de\/site\/wp-json\/wp\/v2\/posts\/22548\/revisions"}],"predecessor-version":[{"id":22549,"href":"https:\/\/christusnews.de\/site\/wp-json\/wp\/v2\/posts\/22548\/revisions\/22549"}],"wp:attachment":[{"href":"https:\/\/christusnews.de\/site\/wp-json\/wp\/v2\/media?parent=22548"}],"wp:term":[{"taxonomy":"category","embeddable":true,"href":"https:\/\/christusnews.de\/site\/wp-json\/wp\/v2\/categories?post=22548"},{"taxonomy":"post_tag","embeddable":true,"href":"https:\/\/christusnews.de\/site\/wp-json\/wp\/v2\/tags?post=22548"}],"curies":[{"name":"wp","href":"https:\/\/api.w.org\/{rel}","templated":true}]}}