{"id":22576,"date":"2022-11-06T09:44:00","date_gmt":"2022-11-06T08:44:00","guid":{"rendered":"https:\/\/christusnews.de\/site\/kirchliche-appelle-zur-unterstuetzung-der-klimabewegung\/"},"modified":"2022-11-07T10:17:42","modified_gmt":"2022-11-07T09:17:42","slug":"kirchliche-appelle-zur-unterstuetzung-der-klimabewegung","status":"publish","type":"post","link":"https:\/\/christusnews.de\/site\/kirchliche-appelle-zur-unterstuetzung-der-klimabewegung\/","title":{"rendered":"Kirchliche Appelle zur Unterst\u00fctzung der Klimabewegung\u00a0"},"content":{"rendered":"<p class=\"MsoPlainText\">Magdeburg\/Hannover (epd). F\u00fchrende Vertreter der evangelischen Kirche haben am Wochenende f\u00fcr mehr kirchliche Unterst\u00fctzung der Klimabewegung geworben. Der hannoversche Landesbischof Ralf Meister sagte in Magdeburg, die Kirche schulde dieser Bewegung die moralische Unterst\u00fctzung. Das bedeute jedoch nicht, dass man alle Ma\u00dfnahmen und Protestaktionen verteidigen m\u00fcsse, sagte der Leitende Bischof der Vereinigten Evangelisch-Lutherischen Kirche Deutschlands (VELKD) bei der Jahrestagung der evangelischen Kirche mit Bezug auf Aktionen der \u00abLetzten Generation\u00bb.<\/p>\n<p class=\"MsoPlainText\">&nbsp;<\/p>\n<p class=\"MsoPlainText\">Die Ratsvorsitzende der Evangelischen Kirche in Deutschland (EKD), Annette Kurschus, sagte, sie habe ein gespaltenes Verh\u00e4ltnis zu den Klima-Protesten der \u00abLetzten Generation\u00bb. Sie sei nat\u00fcrlich ersch\u00fcttert, wenn Protestaktionen Menschen gef\u00e4hrdeten, sagte sie. Aber sie frage sich auch, wie verzweifelt diese jungen Menschen sein m\u00fcssten, um solche radikalen Formen zu w\u00e4hlen. \u00abDass solche Aktionen jetzt gew\u00e4hlt werden, m\u00fcsste uns als Gesellschaft aufr\u00fctteln\u00bb, sagte die westf\u00e4lische Pr\u00e4ses.<\/p>\n<p class=\"MsoPlainText\">&nbsp;<\/p>\n<p class=\"MsoPlainText\">Die Pr\u00e4ses der EKD-Synode, Anna-Nicole Heinrich, k\u00fcndigte an, dass die Klimaaktivisten Aim\u00e9e van Baalen von der \u00abLetzten Generation\u00bb im Lauf der Synodentagung bis Mittwoch Raum f\u00fcr einen Redebeitrag bekommen werde. Am Sonntag begann auch die Weltklimakonferenz im \u00e4gyptischen Scharm el Scheich.<\/p>\n<p class=\"MsoPlainText\">&nbsp;<\/p>\n<p class=\"MsoPlainText\">Die \u00abLetzte Generation\u00bb hatte zuletzt mit Farbattacken auf Parteizentralen, Verkehrsblockaden durch Festkleben an Asphalt und Brei-W\u00fcrfe auf Kunstwerke f\u00fcr Schlagzeilen gesorgt. Der bayerische Landesbischof Heinrich Bedford-Strohm, der Kurschus Amtsvorg\u00e4nger ist, hatte die Proteste als \u00abkomplett kontraproduktiv\u00bb abgelehnt.<\/p>\n<p class=\"MsoPlainText\">&nbsp;<\/p>\n<p class=\"MsoPlainText\">Die Bisch\u00f6fin der Nordkirche, Kristina K\u00fchnbaum-Schmidt, pl\u00e4dierte f\u00fcr einen Begriffswandel: \u00abWir sollten nicht von Klimakrise, sondern von einer humanit\u00e4ren Krise sprechen.\u00bb Meister sagte, wenn man die Ph\u00e4nomene einer Menschheitskrise sehe und die Stimme der j\u00fcngeren Generation h\u00f6re, wisse man, dass sie das Recht f\u00fcr sich in Anspruch nehme, was auch andere Generationen f\u00fcr sich beansprucht h\u00e4tten, als sie jung waren und Gewohnheiten des Systems radikal infrage stellten.&nbsp;Die junge Generation tue das heute wieder &#8211; in einer \u00abradikalen Form der Anfrage, die ad\u00e4quat ist zu den Herausforderungen, in der wir nicht nur als Gesellschaft, sondern als Menschheit stehen\u00bb.<\/p>\n<p class=\"MsoPlainText\">&nbsp;<\/p>\n<p class=\"MsoPlainText\">Meister sagte, Vergleiche etwa von Aktivisten der \u00abLetzten Generation\u00bb mit der linksterroristischen RAF seien nicht hilfreich. Sie leisteten einer m\u00f6glichen Radikalisierung sogar Vorschub.<\/p>\n<p class=\"MsoPlainText\">&nbsp;<\/p>\n<p class=\"MsoPlainText\">Melissa Streicher von der evangelischen Jugend der Nordkirche sagte, die Klimabewegung brauche auch R\u00e4ume in der Kirche. Es brauche auch mehr Begegnung auf Augenh\u00f6he, verlangte sie von den Kirchenleitenden. \u00abWir schaffen es nicht alleine\u00bb, sagte sie angesichts der Herausforderungen durch den Klimawandel. \u00abWir sind eben nur ein Teil der Gesellschaft.\u00bb<\/p>\n<p class=\"MsoPlainText\">&nbsp;<\/p>\n<p class=\"MsoPlainText\">Die 128 Delegierten der EKD-Synode beraten noch bis Mittwoch in Magdeburg \u00fcber Klimaschutz, Aufarbeitung sexualisierter Gewalt und evangelische Friedensethik angesichts des Ukraine-Kriegs.<\/p>\n<p class=\"MsoPlainText\">&nbsp;<\/p>\n<p>Kirche-Oldenburg<br \/>\n<a href=\"https:\/\/www.kirche-oldenburg.de\/\/aktuell\/news-niedersachsen\/artikel\/kirchliche-appelle-zur-unterstuetzung-der-klimabewegung\" target=\"_blank\" rel=\"noopener\">Kirchliche Appelle zur Unterst\u00fctzung der Klimabewegung\u00a0<\/a><\/p>\n","protected":false},"excerpt":{"rendered":"<p>Magdeburg\/Hannover (epd). F\u00fchrende Vertreter der evangelischen Kirche haben am Wochenende f\u00fcr mehr kirchliche Unterst\u00fctzung der Klimabewegung geworben. Der hannoversche Landesbischof Ralf Meister sagte in Magdeburg, die Kirche schulde dieser Bewegung die moralische Unterst\u00fctzung. Das bedeute jedoch nicht, dass man alle Ma\u00dfnahmen und Protestaktionen verteidigen m\u00fcsse, sagte der Leitende Bischof der Vereinigten Evangelisch-Lutherischen Kirche Deutschlands (VELKD) bei der Jahrestagung der evangelischen Kirche mit Bezug auf Aktionen der \u00abLetzten Generation\u00bb. &nbsp; Die Ratsvorsitzende der Evangelischen Kirche in Deutschland (EKD), Annette Kurschus, sagte, sie habe ein gespaltenes Verh\u00e4ltnis zu den Klima-Protesten der \u00abLetzten Generation\u00bb. Sie sei nat\u00fcrlich ersch\u00fcttert, wenn Protestaktionen Menschen gef\u00e4hrdeten, sagte&#8230;<\/p>\n","protected":false},"author":7,"featured_media":0,"comment_status":"false","ping_status":"open","sticky":false,"template":"","format":"standard","meta":{"footnotes":""},"categories":[43],"tags":[44],"class_list":["post-22576","post","type-post","status-publish","format-standard","hentry","category-kirche-oldenburg","tag-kirche-oldenburg"],"_links":{"self":[{"href":"https:\/\/christusnews.de\/site\/wp-json\/wp\/v2\/posts\/22576","targetHints":{"allow":["GET"]}}],"collection":[{"href":"https:\/\/christusnews.de\/site\/wp-json\/wp\/v2\/posts"}],"about":[{"href":"https:\/\/christusnews.de\/site\/wp-json\/wp\/v2\/types\/post"}],"author":[{"embeddable":true,"href":"https:\/\/christusnews.de\/site\/wp-json\/wp\/v2\/users\/7"}],"replies":[{"embeddable":true,"href":"https:\/\/christusnews.de\/site\/wp-json\/wp\/v2\/comments?post=22576"}],"version-history":[{"count":1,"href":"https:\/\/christusnews.de\/site\/wp-json\/wp\/v2\/posts\/22576\/revisions"}],"predecessor-version":[{"id":22577,"href":"https:\/\/christusnews.de\/site\/wp-json\/wp\/v2\/posts\/22576\/revisions\/22577"}],"wp:attachment":[{"href":"https:\/\/christusnews.de\/site\/wp-json\/wp\/v2\/media?parent=22576"}],"wp:term":[{"taxonomy":"category","embeddable":true,"href":"https:\/\/christusnews.de\/site\/wp-json\/wp\/v2\/categories?post=22576"},{"taxonomy":"post_tag","embeddable":true,"href":"https:\/\/christusnews.de\/site\/wp-json\/wp\/v2\/tags?post=22576"}],"curies":[{"name":"wp","href":"https:\/\/api.w.org\/{rel}","templated":true}]}}