{"id":22578,"date":"2022-11-06T09:42:00","date_gmt":"2022-11-06T08:42:00","guid":{"rendered":"https:\/\/christusnews.de\/site\/mehr-als-500-menschen-im-kirchenasyl-auch-in-niedersachsen-viele-anfragen-nach-unterstuetzung\/"},"modified":"2022-11-07T10:17:43","modified_gmt":"2022-11-07T09:17:43","slug":"mehr-als-500-menschen-im-kirchenasyl-auch-in-niedersachsen-viele-anfragen-nach-unterstuetzung","status":"publish","type":"post","link":"https:\/\/christusnews.de\/site\/mehr-als-500-menschen-im-kirchenasyl-auch-in-niedersachsen-viele-anfragen-nach-unterstuetzung\/","title":{"rendered":"Mehr als 500 Menschen im Kirchenasyl &#8211; Auch in Niedersachsen viele Anfragen nach Unterst\u00fctzung"},"content":{"rendered":"<p class=\"MsoPlainText\">K\u00f6ln\/Hannover (epd). Bundesweit gibt es nach Angaben der \u00d6kumenischen Bundesarbeitsgemeinschaft (BAG) \u00abAsyl in der Kirche\u00bb aktuell 314 Kirchenasyle. Kirchengemeinden in ganz Deutschland b\u00f6ten insgesamt 508 Menschen Schutz vor Abschiebung, darunter 112 Kindern, berichtete die BAG-Vorsitzende, Pastorin Dietlind Jochims, am Samstag in K\u00f6ln auf der Jahrestagung des Kirchenasyl-Netzwerkes. Die Menschen k\u00e4men \u00fcberwiegend aus Afghanistan, dem Irak, Iran oder Syrien.&nbsp;Haupt-Ziell\u00e4nder, in die sie nach dem sogenannten Dublin-Verfahren abgeschoben werden sollten, seien Bulgarien, Rum\u00e4nien und Polen.<\/p>\n<p class=\"MsoPlainText\">&nbsp;<\/p>\n<p class=\"MsoPlainText\">In Niedersachsen sei auff\u00e4llig, wie oft das dortige Netzwerk von Angeh\u00f6rigen oder Freunden von Asylsuchenden kontaktiert werde, die akut von Abschiebung bedroht sind, sagte Hildegard Grosse vom \u00d6kumenischen Netzwerkes Asyl in der Kirche Niedersachsen auf epd-Anfrage. \u00abW\u00f6chentlich erhalte nicht nur ich drei bis f\u00fcnf Anrufe mit der Bitte um Kirchenasyl\u00bb, sagte Grosse. \u00abFast immer muss ich dann sagen, dass die Schutzsuchenden selbst eine Kirchengemeinde finden m\u00fcssen, dann kann ich beraten.\u00bb Genaue aktuelle Zahlen von Menschen, die im Bundesland aktuell im Kirchenasyl sind, nannte sie nicht.<\/p>\n<p class=\"MsoPlainText\">&nbsp;<\/p>\n<p class=\"MsoPlainText\">Bei der Tagung bedauerte Jochims, dass es seit Jahren immer weniger Kommunikation zwischen dem Bundesamt f\u00fcr Migration und Fl\u00fcchtlinge (BAMF) und Kirchenleuten gebe. Das sei \u00abschlecht f\u00fcr ein gegenseitiges zumindest grunds\u00e4tzliches Verst\u00e4ndnis und schlecht f\u00fcr die Suche nach humanit\u00e4ren L\u00f6sungen\u00bb, sagte die Menschenrechtsbeauftragte der Evangelisch-Lutherischen Kirche in Norddeutschland.<\/p>\n<p class=\"MsoPlainText\">&nbsp;<\/p>\n<p class=\"MsoPlainText\">Beim Kirchenasyl werden Fl\u00fcchtlinge ohne legalen Aufenthaltsstatus von Kirchengemeinden zeitlich befristet beherbergt. Ziel ist, in H\u00e4rtef\u00e4llen eine unmittelbar drohende Abschiebung in eine gef\u00e4hrliche oder sozial unzumutbare Situation zu verhindern und eine erneute Pr\u00fcfung des Falles zu erreichen. \u00abEs ist gut, dass es in den Situationen, in denen der Rechtsstaat versagt und humanit\u00e4re Defizite aufweist, die M\u00f6glichkeit des Kirchenasyls gibt, um Unrecht abzuwenden\u00bb, sagte Rafael Nikodemus, Kirchenasyl-Experte der rheinischen Kirche, in einem Videogru\u00dfwort. Es sei \u00abeine enorme St\u00e4rke des Rechtsstaates\u00bb, wenn er diese Korrekturm\u00f6glichkeiten aushalte.<\/p>\n<p class=\"MsoPlainText\">&nbsp;<\/p>\n<p class=\"MsoPlainText\">Die \u00d6kumenische Bundesarbeitsgemeinschaft Asyl in der Kirche h\u00e4lt noch bis Sonntag in der Evangelischen Melanchthon-Akademie K\u00f6ln ihre Jahrestagung ab. Unter dem Motto \u00abGemeinsam Grenzen \u00fcberwinden\u00bb stehen Vortr\u00e4ge, Gespr\u00e4che, Workshops und Diskussionen auf dem Programm. In der Bundesarbeitsgemeinschaft haben sich evangelische, katholische und freikirchliche Kirchengemeinden zusammengeschlossen, die bereit sind, von Abschiebung bedrohten Fl\u00fcchtlingen Kirchenasyl zu gew\u00e4hren, wenn begr\u00fcndete Zweifel an einer gefahrlosen R\u00fcckkehr bestehen.<\/p>\n<p>Kirche-Oldenburg<br \/>\n<a href=\"https:\/\/www.kirche-oldenburg.de\/\/aktuell\/news-niedersachsen\/artikel\/mehr-als-500-menschen-im-kirchenasyl-auch-in-niedersachsen-viele-anfragen-nach-unterstuetzung\" target=\"_blank\" rel=\"noopener\">Mehr als 500 Menschen im Kirchenasyl &#8211; Auch in Niedersachsen viele Anfragen nach Unterst\u00fctzung<\/a><\/p>\n","protected":false},"excerpt":{"rendered":"<p>K\u00f6ln\/Hannover (epd). Bundesweit gibt es nach Angaben der \u00d6kumenischen Bundesarbeitsgemeinschaft (BAG) \u00abAsyl in der Kirche\u00bb aktuell 314 Kirchenasyle. Kirchengemeinden in ganz Deutschland b\u00f6ten insgesamt 508 Menschen Schutz vor Abschiebung, darunter 112 Kindern, berichtete die BAG-Vorsitzende, Pastorin Dietlind Jochims, am Samstag in K\u00f6ln auf der Jahrestagung des Kirchenasyl-Netzwerkes. Die Menschen k\u00e4men \u00fcberwiegend aus Afghanistan, dem Irak, Iran oder Syrien.&nbsp;Haupt-Ziell\u00e4nder, in die sie nach dem sogenannten Dublin-Verfahren abgeschoben werden sollten, seien Bulgarien, Rum\u00e4nien und Polen. &nbsp; In Niedersachsen sei auff\u00e4llig, wie oft das dortige Netzwerk von Angeh\u00f6rigen oder Freunden von Asylsuchenden kontaktiert werde, die akut von Abschiebung bedroht sind, sagte Hildegard Grosse&#8230;<\/p>\n","protected":false},"author":7,"featured_media":0,"comment_status":"false","ping_status":"open","sticky":false,"template":"","format":"standard","meta":{"footnotes":""},"categories":[43],"tags":[44],"class_list":["post-22578","post","type-post","status-publish","format-standard","hentry","category-kirche-oldenburg","tag-kirche-oldenburg"],"_links":{"self":[{"href":"https:\/\/christusnews.de\/site\/wp-json\/wp\/v2\/posts\/22578","targetHints":{"allow":["GET"]}}],"collection":[{"href":"https:\/\/christusnews.de\/site\/wp-json\/wp\/v2\/posts"}],"about":[{"href":"https:\/\/christusnews.de\/site\/wp-json\/wp\/v2\/types\/post"}],"author":[{"embeddable":true,"href":"https:\/\/christusnews.de\/site\/wp-json\/wp\/v2\/users\/7"}],"replies":[{"embeddable":true,"href":"https:\/\/christusnews.de\/site\/wp-json\/wp\/v2\/comments?post=22578"}],"version-history":[{"count":1,"href":"https:\/\/christusnews.de\/site\/wp-json\/wp\/v2\/posts\/22578\/revisions"}],"predecessor-version":[{"id":22579,"href":"https:\/\/christusnews.de\/site\/wp-json\/wp\/v2\/posts\/22578\/revisions\/22579"}],"wp:attachment":[{"href":"https:\/\/christusnews.de\/site\/wp-json\/wp\/v2\/media?parent=22578"}],"wp:term":[{"taxonomy":"category","embeddable":true,"href":"https:\/\/christusnews.de\/site\/wp-json\/wp\/v2\/categories?post=22578"},{"taxonomy":"post_tag","embeddable":true,"href":"https:\/\/christusnews.de\/site\/wp-json\/wp\/v2\/tags?post=22578"}],"curies":[{"name":"wp","href":"https:\/\/api.w.org\/{rel}","templated":true}]}}