{"id":22582,"date":"2022-11-05T09:47:00","date_gmt":"2022-11-05T08:47:00","guid":{"rendered":"https:\/\/christusnews.de\/site\/niedersachsen-pocht-auf-erleichterungen-bei-maskenpflicht\/"},"modified":"2022-11-07T10:17:45","modified_gmt":"2022-11-07T09:17:45","slug":"niedersachsen-pocht-auf-erleichterungen-bei-maskenpflicht","status":"publish","type":"post","link":"https:\/\/christusnews.de\/site\/niedersachsen-pocht-auf-erleichterungen-bei-maskenpflicht\/","title":{"rendered":"Niedersachsen pocht auf Erleichterungen bei Maskenpflicht"},"content":{"rendered":"<p class=\"MsoPlainText\">Hannover (epd). Das Land Niedersachsen hat seine Kritik an der aus seiner Sicht zu strengen Maskenpflicht in Pflegeheimen und Einrichtungen der Behindertenhilfe erneuert und f\u00fcr eine rasche \u00c4nderung geworben. Vor diesem Hintergrund begr\u00fc\u00dfe das Land die Bestrebungen im Bundesrat, bestimmte Regelungen zu streichen, sagte die Pressesprecherin des Gesundheitsministeriums, Anne Hage, dem Evangelischen Pressedienst (epd) auf Anfrage. Der Bundesrat hatte sich am 28. Oktober daf\u00fcr ausgesprochen, die Maskenpflicht f\u00fcr Bewohner von Pflegeeinrichtungen wie f\u00fcr Besch\u00e4ftigte in Behindertenwerkst\u00e4tten aus dem Infektionsschutzgesetz zu streichen.&nbsp;Auch die Diakonie in Niedersachsen spricht sich f\u00fcr Lockerungen aus.<\/p>\n<p class=\"MsoPlainText\">&nbsp;<\/p>\n<p class=\"MsoPlainText\">Hage betonte, in Pflegeheimen und Einrichtungen der Behindertenhilfe habe das Land das Infektionsschutzgesetz ohnehin so ausgelegt, dass in den Gemeinschaftsr\u00e4umen keine Maskenpflicht herrsche. \u00abDas hatten wir auch schon so an die Einrichtungen kommuniziert.\u00bb<\/p>\n<p class=\"MsoPlainText\">&nbsp;<\/p>\n<p class=\"MsoPlainText\">Anders sei die Lage aktuell allerdings noch bei den Werkst\u00e4tten f\u00fcr Menschen mit Behinderungen. \u00abDort soll es auf Bundesebene nun die neue Einsch\u00e4tzung geben, dass Werkst\u00e4tten keine voll- oder teilstation\u00e4ren Einrichtungen sind und deshalb nicht der Test- und Maskenpflicht nach dem Infektionsschutzgesetz unterfallen\u00bb, erl\u00e4uterte Hage. \u00abWenn das Bundesgesundheitsministerium das best\u00e4tigt, setzen wir das nat\u00fcrlich ebenfalls um.\u00bb<\/p>\n<p class=\"MsoPlainText\">&nbsp;<\/p>\n<p class=\"MsoPlainText\">Gesundheitsministerin Daniela Behrens (SPD) sagte, es sei gut, \u00abdass der Bund bei der Auslegung des Infektionsschutzgesetzes in Bezug auf die Maskenpflicht f\u00fcr Heimbewohnerinnen und -Bewohner sowie Menschen mit Behinderungen nun offenbar mehr Flexibilit\u00e4t zeigt\u00bb. Die FFP2-Maskenpflicht habe insbesondere f\u00fcr Menschen mit Behinderungen sowie f\u00fcr die Besch\u00e4ftigten und Bewohnerinnen und Bewohner von Pflegeheimen zu erheblichen Belastungen in ihrem Alltag gef\u00fchrt.<\/p>\n<p class=\"MsoPlainText\">&nbsp;<\/p>\n<p class=\"MsoPlainText\">Niedersachsen habe deshalb bereits vor einigen Wochen einen Vorschlag zur \u00c4nderung des Infektionsschutzgesetzes vorgelegt, der es den L\u00e4ndern erlauben w\u00fcrde, in ihren Corona-Verordnungen einzelne Personengruppen in bestimmten Situationen von der FFP2-Maskenpflicht auszunehmen. Zugleich habe das Land bereits damals \u00abbeim Bundesgesundheitsministerium auf eine Kl\u00e4rung in diesem Sinne gedr\u00e4ngt\u00bb, betonte Behrens.<\/p>\n<p class=\"MsoPlainText\">&nbsp;<\/p>\n<p class=\"MsoPlainText\">Der Vorstandssprecher der Diakonie in Niedersachsen, Hans-Joachim Lenke, lobte die Initiative. \u00abDass im neuen Infektionsschutzgesetz eine Maskenpflicht f\u00fcr Bewohnerinnen und Bewohner auch in gemeinsamen Aufenthaltsr\u00e4umen unserer Einrichtungen vorgesehen war, halten wir nicht f\u00fcr angemessen\u00bb, sagte er dem epd. Die diakonischen Einrichtungen seien f\u00fcr diese Menschen in erster Linie ihr Zuhause. Dort sollten sie sich gut aufgehoben und wohlf\u00fchlen k\u00f6nnen. \u00abDort muss ein ungezwungenes Miteinander m\u00f6glich sein.\u00bb<\/p>\n<p>Kirche-Oldenburg<br \/>\n<a href=\"https:\/\/www.kirche-oldenburg.de\/\/aktuell\/news-niedersachsen\/artikel\/niedersachsen-pocht-auf-erleichterungen-bei-maskenpflicht\" target=\"_blank\" rel=\"noopener\">Niedersachsen pocht auf Erleichterungen bei Maskenpflicht<\/a><\/p>\n","protected":false},"excerpt":{"rendered":"<p>Hannover (epd). Das Land Niedersachsen hat seine Kritik an der aus seiner Sicht zu strengen Maskenpflicht in Pflegeheimen und Einrichtungen der Behindertenhilfe erneuert und f\u00fcr eine rasche \u00c4nderung geworben. Vor diesem Hintergrund begr\u00fc\u00dfe das Land die Bestrebungen im Bundesrat, bestimmte Regelungen zu streichen, sagte die Pressesprecherin des Gesundheitsministeriums, Anne Hage, dem Evangelischen Pressedienst (epd) auf Anfrage. Der Bundesrat hatte sich am 28. Oktober daf\u00fcr ausgesprochen, die Maskenpflicht f\u00fcr Bewohner von Pflegeeinrichtungen wie f\u00fcr Besch\u00e4ftigte in Behindertenwerkst\u00e4tten aus dem Infektionsschutzgesetz zu streichen.&nbsp;Auch die Diakonie in Niedersachsen spricht sich f\u00fcr Lockerungen aus. &nbsp; Hage betonte, in Pflegeheimen und Einrichtungen der Behindertenhilfe habe&#8230;<\/p>\n","protected":false},"author":7,"featured_media":0,"comment_status":"false","ping_status":"open","sticky":false,"template":"","format":"standard","meta":{"footnotes":""},"categories":[43],"tags":[44],"class_list":["post-22582","post","type-post","status-publish","format-standard","hentry","category-kirche-oldenburg","tag-kirche-oldenburg"],"_links":{"self":[{"href":"https:\/\/christusnews.de\/site\/wp-json\/wp\/v2\/posts\/22582","targetHints":{"allow":["GET"]}}],"collection":[{"href":"https:\/\/christusnews.de\/site\/wp-json\/wp\/v2\/posts"}],"about":[{"href":"https:\/\/christusnews.de\/site\/wp-json\/wp\/v2\/types\/post"}],"author":[{"embeddable":true,"href":"https:\/\/christusnews.de\/site\/wp-json\/wp\/v2\/users\/7"}],"replies":[{"embeddable":true,"href":"https:\/\/christusnews.de\/site\/wp-json\/wp\/v2\/comments?post=22582"}],"version-history":[{"count":1,"href":"https:\/\/christusnews.de\/site\/wp-json\/wp\/v2\/posts\/22582\/revisions"}],"predecessor-version":[{"id":22583,"href":"https:\/\/christusnews.de\/site\/wp-json\/wp\/v2\/posts\/22582\/revisions\/22583"}],"wp:attachment":[{"href":"https:\/\/christusnews.de\/site\/wp-json\/wp\/v2\/media?parent=22582"}],"wp:term":[{"taxonomy":"category","embeddable":true,"href":"https:\/\/christusnews.de\/site\/wp-json\/wp\/v2\/categories?post=22582"},{"taxonomy":"post_tag","embeddable":true,"href":"https:\/\/christusnews.de\/site\/wp-json\/wp\/v2\/tags?post=22582"}],"curies":[{"name":"wp","href":"https:\/\/api.w.org\/{rel}","templated":true}]}}