{"id":22584,"date":"2022-11-04T09:39:00","date_gmt":"2022-11-04T08:39:00","guid":{"rendered":"https:\/\/christusnews.de\/site\/lutheraner-beginnen-jahrestagung-in-magdeburg\/"},"modified":"2022-11-07T10:17:46","modified_gmt":"2022-11-07T09:17:46","slug":"lutheraner-beginnen-jahrestagung-in-magdeburg","status":"publish","type":"post","link":"https:\/\/christusnews.de\/site\/lutheraner-beginnen-jahrestagung-in-magdeburg\/","title":{"rendered":"Lutheraner beginnen Jahrestagung in Magdeburg"},"content":{"rendered":"<p class=\"MsoPlainText\">Magdeburg\/K\u00f6nigslutter (epd). Mit einem Gottesdienst haben die Lutheraner ihre Jahrestagung in Magdeburg begonnen. Die Vizepr\u00e4sidentin der Generalsynode der Vereinigten Evangelisch-Lutherischen Kirche Deutschlands (VELKD), Martina Helmer-Pham Xuan, erinnerte in ihrer Predigt in der Sankt Petri Kirche daran, dass die Gesellschaft als Gemeinschaft die Aufgabe habe, f\u00fcr alle ihre Glieder Sorge zu tragen. Niemand d\u00fcrfe mit der Angst vor Krieg und steigenden Lebenshaltungskosten allein gelassen werden.<\/p>\n<p class=\"MsoPlainText\">&nbsp;<\/p>\n<p class=\"MsoPlainText\">Die vergangenen Jahre seien \u00abfette Jahre\u00bb gewesen, sagte die Pr\u00f6pstin der Propstei K\u00f6nigslutter in der braunschweigischen Landeskirche. Jahre, in denen man Nahrung, warme Wohnungen, Urlaube und Frieden f\u00fcr selbstverst\u00e4ndlich gehalten habe. Doch man werde nicht unverletzt durch das Leben gleiten k\u00f6nnen, sagte Helmer-Pham Xuan vor den Delegierten der Generalsynode. Der Auftrag der Christen sei es, als Kinder Gottes erkennbar zu leben inmitten von Kriegsgeschrei und \u00c4ngsten.<\/p>\n<p class=\"MsoPlainText\">&nbsp;<\/p>\n<p class=\"MsoPlainText\">Am Samstag haben die 50 Delegierten der Generalsynode einen Thementag zur Klimakrise. Sie wollen unter anderem \u00fcber weltweite Klimagerechtigkeit sprechen.<\/p>\n<p class=\"MsoPlainText\">&nbsp;<\/p>\n<p class=\"MsoPlainText\">Die Generalsynode der Vereinigten Evangelisch-Lutherischen Kirche Deutschlands tagt seit 2009 im Verbund mit der Evangelischen Kirche in Deutschland (EKD) und der Union Evangelischer Kirchen (UEK). Die Synode der EKD beginnt am Sonntag mit einem Gottesdienst im Magdeburger Dom. Am Sonntagabend erstattet der Catholica-Beauftragte der VELKD, Landesbischof Karl-Hinrich Manzke (Schaumburg-Lippe), vor den Delegierten der VELKD und der EKD Bericht \u00fcber den Stand der \u00d6kumene.<\/p>\n<p>Kirche-Oldenburg<br \/>\n<a href=\"https:\/\/www.kirche-oldenburg.de\/\/aktuell\/news-niedersachsen\/artikel\/lutheraner-beginnen-jahrestagung-in-magdeburg\" target=\"_blank\" rel=\"noopener\">Lutheraner beginnen Jahrestagung in Magdeburg<\/a><\/p>\n","protected":false},"excerpt":{"rendered":"<p>Magdeburg\/K\u00f6nigslutter (epd). Mit einem Gottesdienst haben die Lutheraner ihre Jahrestagung in Magdeburg begonnen. Die Vizepr\u00e4sidentin der Generalsynode der Vereinigten Evangelisch-Lutherischen Kirche Deutschlands (VELKD), Martina Helmer-Pham Xuan, erinnerte in ihrer Predigt in der Sankt Petri Kirche daran, dass die Gesellschaft als Gemeinschaft die Aufgabe habe, f\u00fcr alle ihre Glieder Sorge zu tragen. Niemand d\u00fcrfe mit der Angst vor Krieg und steigenden Lebenshaltungskosten allein gelassen werden. &nbsp; Die vergangenen Jahre seien \u00abfette Jahre\u00bb gewesen, sagte die Pr\u00f6pstin der Propstei K\u00f6nigslutter in der braunschweigischen Landeskirche. Jahre, in denen man Nahrung, warme Wohnungen, Urlaube und Frieden f\u00fcr selbstverst\u00e4ndlich gehalten habe. Doch man werde nicht&#8230;<\/p>\n","protected":false},"author":7,"featured_media":0,"comment_status":"false","ping_status":"open","sticky":false,"template":"","format":"standard","meta":{"footnotes":""},"categories":[43],"tags":[44],"class_list":["post-22584","post","type-post","status-publish","format-standard","hentry","category-kirche-oldenburg","tag-kirche-oldenburg"],"_links":{"self":[{"href":"https:\/\/christusnews.de\/site\/wp-json\/wp\/v2\/posts\/22584","targetHints":{"allow":["GET"]}}],"collection":[{"href":"https:\/\/christusnews.de\/site\/wp-json\/wp\/v2\/posts"}],"about":[{"href":"https:\/\/christusnews.de\/site\/wp-json\/wp\/v2\/types\/post"}],"author":[{"embeddable":true,"href":"https:\/\/christusnews.de\/site\/wp-json\/wp\/v2\/users\/7"}],"replies":[{"embeddable":true,"href":"https:\/\/christusnews.de\/site\/wp-json\/wp\/v2\/comments?post=22584"}],"version-history":[{"count":1,"href":"https:\/\/christusnews.de\/site\/wp-json\/wp\/v2\/posts\/22584\/revisions"}],"predecessor-version":[{"id":22585,"href":"https:\/\/christusnews.de\/site\/wp-json\/wp\/v2\/posts\/22584\/revisions\/22585"}],"wp:attachment":[{"href":"https:\/\/christusnews.de\/site\/wp-json\/wp\/v2\/media?parent=22584"}],"wp:term":[{"taxonomy":"category","embeddable":true,"href":"https:\/\/christusnews.de\/site\/wp-json\/wp\/v2\/categories?post=22584"},{"taxonomy":"post_tag","embeddable":true,"href":"https:\/\/christusnews.de\/site\/wp-json\/wp\/v2\/tags?post=22584"}],"curies":[{"name":"wp","href":"https:\/\/api.w.org\/{rel}","templated":true}]}}