{"id":22588,"date":"2022-11-08T08:15:29","date_gmt":"2022-11-08T07:15:29","guid":{"rendered":"https:\/\/christusnews.de\/site\/orientierung-in-zeiten-des-wandels\/"},"modified":"2022-11-08T10:17:23","modified_gmt":"2022-11-08T09:17:23","slug":"orientierung-in-zeiten-des-wandels","status":"publish","type":"post","link":"https:\/\/christusnews.de\/site\/orientierung-in-zeiten-des-wandels\/","title":{"rendered":"Orientierung in Zeiten des Wandels"},"content":{"rendered":"<p>Kirche muss die Bed\u00fcrfnisse der Menschen in den Blick nehmen. Dass dies in den Kirchengemeinden und den Werken des Kirchenkreises auf vielf\u00e4ltige Weise geschieht, wurde bei der Tagung der Kreissynode, die am Samstag unter der Leitung von Kreispfarrer Lars Dede stattfand, deutlich. Im Mittelpunkt der Tagung stand f\u00fcr die 60 Delegierten aus den zehn Ev.-luth. Kirchengemeinden des Ammerlands die Frage, wie sich das Leben in den Gemeinden weiterentwickeln kann.<br \/>\n&nbsp; &nbsp;<br \/>\nIm Anschluss an ein Gru\u00dfwort der stellvertretenden Landr\u00e4tin Claudia Beeken, die den Kirchengemeinden und den Werken und Einrichtungen des Ammerlands f\u00fcr die gute und verl\u00e4ssliche Zusammenarbeit mit den Kommunen und dem Landkreis dankte, referierte der Theologe Dr. Uwe Hein, Dozent an der Universit\u00e4t in Greifswald, zum Thema: \u201eKirche zwischen Ersch\u00f6pfung und Innovation \u2013 Orientierung finden in Zeiten des Wandels\u201c. Pfr. Dr. Hein machte in seinem lebendigen Vortrag in f\u00fcnf Schritten deutlich, wie die Kirche lebendig und innovativ die Gegenwart gestalten kann. Immer wieder waren die Synodalen dabei eingeladen, ihre eigenen Erfahrungen in die Diskussion einzubringen.<br \/>\n&nbsp; &nbsp;<br \/>\n\u201eEs kommt darauf an, nah an den Menschen zu sein. Wir m\u00fcssen die Sorgen und W\u00fcnsche der Menschen im direkten Umfeld wahrnehmen\u201c, sagte Hein und illustrierte dies an zahlreichen Beispielen. Die allt\u00e4glichen Erfahrungen wahr- und ernst zu nehmen und zugewandt und auf Augenh\u00f6he christliche Deutungsangebote zu machen, sei die Aufgabe der Zeit, betonte auch Kreispfarrer Lars Dede. \u201eDie Kirche lebt von der Beteiligung der Menschen, die sich in ihr aufgehoben f\u00fchlen und sie mit eigenen Ideen mitgestalten.\u201c Dass und wie das geschehen kann, wurde in der Diskussion deutlich.<br \/>\n&nbsp; &nbsp;<br \/>\nDie Synode dankte dem Referenten mit langanhaltendem Applaus. Es habe gutgetan und sei au\u00dferordentlich ermutigend gewesen, war aus den Reihen der Zuh\u00f6renden zu vernehmen. An vielen Stellen habe man sich mit seiner Arbeit vor Ort wiedergefunden und nehme wichtige Impulse mit in die eigene Gemeinde.<br \/>\n&nbsp; &nbsp;<br \/>\nIm weiteren Verlauf der 8. Tagung der Kreissynode, die zum zweiten Mal in der Aula der Au\u00dfenstelle des Gymnasiums Bad Zwischenahn\u2013Edewecht tagte, stand die Abnahme der Jahresabschl\u00fcsse und der Haushaltspl\u00e4ne des Kirchenkreises, des Ev. Bildungswerkes Ammerland sowie des Diakonischen Werks Ammerland auf der Tagesordnung.<br \/>\n&nbsp; &nbsp;<br \/>\nAu\u00dferdem wurde Pfarrer Dr. Tim Unger (Wiefelstede) als Nachfolger f\u00fcr Pfarrer Karsten Peuster (Friedrichsfehn) in die 49. Synode entsandt, zu seiner Stellvertreterin wurde Pfarrerin Dr. Hanna Keese (Rastede) gew\u00e4hlt.<br \/>\n&nbsp; &nbsp;<br \/>\nDar\u00fcber hinaus kamen praktische Fragen, wie der Umgang mit der Energiekrise zur Sprache. Exemplarisch wurde bei diesem Thema deutlich, dass es um Orientierung in un\u00fcbersichtlicher Zeit geht und dass Kirche hier einen Beitrag leisten kann und will.&nbsp;<\/p>\n<p>Kirche-Oldenburg<br \/>\n<a href=\"https:\/\/www.kirche-oldenburg.de\/\/aktuell\/aus-den-kirchenkreisen\/artikel\/orientierung-in-zeiten-des-wandels\" target=\"_blank\" rel=\"noopener\">Orientierung in Zeiten des Wandels<\/a><\/p>\n","protected":false},"excerpt":{"rendered":"<p>Kirche muss die Bed\u00fcrfnisse der Menschen in den Blick nehmen. Dass dies in den Kirchengemeinden und den Werken des Kirchenkreises auf vielf\u00e4ltige Weise geschieht, wurde bei der Tagung der Kreissynode, die am Samstag unter der Leitung von Kreispfarrer Lars Dede stattfand, deutlich. Im Mittelpunkt der Tagung stand f\u00fcr die 60 Delegierten aus den zehn Ev.-luth. Kirchengemeinden des Ammerlands die Frage, wie sich das Leben in den Gemeinden weiterentwickeln kann. &nbsp; &nbsp; Im Anschluss an ein Gru\u00dfwort der stellvertretenden Landr\u00e4tin Claudia Beeken, die den Kirchengemeinden und den Werken und Einrichtungen des Ammerlands f\u00fcr die gute und verl\u00e4ssliche Zusammenarbeit mit den Kommunen&#8230;<\/p>\n","protected":false},"author":7,"featured_media":0,"comment_status":"false","ping_status":"open","sticky":false,"template":"","format":"standard","meta":{"footnotes":""},"categories":[43],"tags":[44],"class_list":["post-22588","post","type-post","status-publish","format-standard","hentry","category-kirche-oldenburg","tag-kirche-oldenburg"],"_links":{"self":[{"href":"https:\/\/christusnews.de\/site\/wp-json\/wp\/v2\/posts\/22588","targetHints":{"allow":["GET"]}}],"collection":[{"href":"https:\/\/christusnews.de\/site\/wp-json\/wp\/v2\/posts"}],"about":[{"href":"https:\/\/christusnews.de\/site\/wp-json\/wp\/v2\/types\/post"}],"author":[{"embeddable":true,"href":"https:\/\/christusnews.de\/site\/wp-json\/wp\/v2\/users\/7"}],"replies":[{"embeddable":true,"href":"https:\/\/christusnews.de\/site\/wp-json\/wp\/v2\/comments?post=22588"}],"version-history":[{"count":1,"href":"https:\/\/christusnews.de\/site\/wp-json\/wp\/v2\/posts\/22588\/revisions"}],"predecessor-version":[{"id":22589,"href":"https:\/\/christusnews.de\/site\/wp-json\/wp\/v2\/posts\/22588\/revisions\/22589"}],"wp:attachment":[{"href":"https:\/\/christusnews.de\/site\/wp-json\/wp\/v2\/media?parent=22588"}],"wp:term":[{"taxonomy":"category","embeddable":true,"href":"https:\/\/christusnews.de\/site\/wp-json\/wp\/v2\/categories?post=22588"},{"taxonomy":"post_tag","embeddable":true,"href":"https:\/\/christusnews.de\/site\/wp-json\/wp\/v2\/tags?post=22588"}],"curies":[{"name":"wp","href":"https:\/\/api.w.org\/{rel}","templated":true}]}}