{"id":22590,"date":"2022-11-07T08:54:00","date_gmt":"2022-11-07T07:54:00","guid":{"rendered":"https:\/\/christusnews.de\/site\/oldenburg-startet-arbeiten-fuer-mietspiegel\/"},"modified":"2022-11-08T10:17:23","modified_gmt":"2022-11-08T09:17:23","slug":"oldenburg-startet-arbeiten-fuer-mietspiegel","status":"publish","type":"post","link":"https:\/\/christusnews.de\/site\/oldenburg-startet-arbeiten-fuer-mietspiegel\/","title":{"rendered":"Oldenburg startet Arbeiten f\u00fcr Mietspiegel"},"content":{"rendered":"<p class=\"MsoPlainText\">Oldenburg (epd). Oldenburg hat mit einem Arbeitskreis in der Stadt die Vorarbeiten f\u00fcr einen Mietspiegel gestartet. Die notwendigen Informationen zur Aufstellung eines qualifizierten Mietspiegels werden durch eine Kombination von Mieter- und Vermieterbefragungen gewonnen, wie die Stadt am Montag mitteilte. Dazu sollen Anfang Januar stichprobenartig Mieterhaushalte sowie Vermieterinnen und Vermieter angeschrieben werden. Die Umsetzung \u00fcbernimmt das ALP Institut f\u00fcr Wohnen und Stadtentwicklung in Hamburg.<\/p>\n<p class=\"MsoPlainText\">&nbsp;<\/p>\n<p class=\"MsoPlainText\">Im Oldenburger Arbeitskreis \u00abMietspiegel\u00bb arbeiten den Angaben zufolge Interessenvertreter von Mietern und Vermietern mit. Seit Anfang Juli des laufenden Jahres ist eine vom Bund beschlossene Mietspiegelpflicht f\u00fcr St\u00e4dte und Gemeinden mit mehr als 50.000 Einwohnern in Kraft. In Oldenburg leben laut Statistik etwa 170.000 Menschen.<\/p>\n<p class=\"MsoPlainText\">&nbsp;<\/p>\n<p class=\"MsoPlainText\">Mietspiegel geben eine \u00dcbersicht \u00fcber die orts\u00fcbliche Vergleichsmiete in einer Stadt. Dabei wird f\u00fcr die vergangenen sechs Jahre ermittelt, wie hoch die Miete f\u00fcr vergleichbare Wohnungen \u00e4hnlicher Art, Gr\u00f6\u00dfe, Ausstattung, Beschaffenheit und Lage war. Auch Faktoren wie die Energieeffizienz spielen eine Rolle. Der Mietspiegel gebe eine verl\u00e4ssliche Orientierungshilfe zur Festlegung der Mieth\u00f6he und biete eine h\u00f6here Rechtssicherheit, hie\u00df es.<\/p>\n<p>Kirche-Oldenburg<br \/>\n<a href=\"https:\/\/www.kirche-oldenburg.de\/\/aktuell\/news-niedersachsen\/artikel\/oldenburg-startet-arbeiten-fuer-mietspiegel\" target=\"_blank\" rel=\"noopener\">Oldenburg startet Arbeiten f\u00fcr Mietspiegel<\/a><\/p>\n","protected":false},"excerpt":{"rendered":"<p>Oldenburg (epd). Oldenburg hat mit einem Arbeitskreis in der Stadt die Vorarbeiten f\u00fcr einen Mietspiegel gestartet. Die notwendigen Informationen zur Aufstellung eines qualifizierten Mietspiegels werden durch eine Kombination von Mieter- und Vermieterbefragungen gewonnen, wie die Stadt am Montag mitteilte. Dazu sollen Anfang Januar stichprobenartig Mieterhaushalte sowie Vermieterinnen und Vermieter angeschrieben werden. Die Umsetzung \u00fcbernimmt das ALP Institut f\u00fcr Wohnen und Stadtentwicklung in Hamburg. &nbsp; Im Oldenburger Arbeitskreis \u00abMietspiegel\u00bb arbeiten den Angaben zufolge Interessenvertreter von Mietern und Vermietern mit. Seit Anfang Juli des laufenden Jahres ist eine vom Bund beschlossene Mietspiegelpflicht f\u00fcr St\u00e4dte und Gemeinden mit mehr als 50.000 Einwohnern in&#8230;<\/p>\n","protected":false},"author":7,"featured_media":0,"comment_status":"false","ping_status":"open","sticky":false,"template":"","format":"standard","meta":{"footnotes":""},"categories":[43],"tags":[44],"class_list":["post-22590","post","type-post","status-publish","format-standard","hentry","category-kirche-oldenburg","tag-kirche-oldenburg"],"_links":{"self":[{"href":"https:\/\/christusnews.de\/site\/wp-json\/wp\/v2\/posts\/22590","targetHints":{"allow":["GET"]}}],"collection":[{"href":"https:\/\/christusnews.de\/site\/wp-json\/wp\/v2\/posts"}],"about":[{"href":"https:\/\/christusnews.de\/site\/wp-json\/wp\/v2\/types\/post"}],"author":[{"embeddable":true,"href":"https:\/\/christusnews.de\/site\/wp-json\/wp\/v2\/users\/7"}],"replies":[{"embeddable":true,"href":"https:\/\/christusnews.de\/site\/wp-json\/wp\/v2\/comments?post=22590"}],"version-history":[{"count":1,"href":"https:\/\/christusnews.de\/site\/wp-json\/wp\/v2\/posts\/22590\/revisions"}],"predecessor-version":[{"id":22591,"href":"https:\/\/christusnews.de\/site\/wp-json\/wp\/v2\/posts\/22590\/revisions\/22591"}],"wp:attachment":[{"href":"https:\/\/christusnews.de\/site\/wp-json\/wp\/v2\/media?parent=22590"}],"wp:term":[{"taxonomy":"category","embeddable":true,"href":"https:\/\/christusnews.de\/site\/wp-json\/wp\/v2\/categories?post=22590"},{"taxonomy":"post_tag","embeddable":true,"href":"https:\/\/christusnews.de\/site\/wp-json\/wp\/v2\/tags?post=22590"}],"curies":[{"name":"wp","href":"https:\/\/api.w.org\/{rel}","templated":true}]}}