{"id":22594,"date":"2022-11-08T11:33:50","date_gmt":"2022-11-08T10:33:50","guid":{"rendered":"https:\/\/christusnews.de\/site\/kr55-kirchenradio-oldenburg-wund-sind-schon-die-waelder\/"},"modified":"2022-11-08T22:17:29","modified_gmt":"2022-11-08T21:17:29","slug":"kr55-kirchenradio-oldenburg-wund-sind-schon-die-waelder","status":"publish","type":"post","link":"https:\/\/christusnews.de\/site\/kr55-kirchenradio-oldenburg-wund-sind-schon-die-waelder\/","title":{"rendered":"KR55 Kirchenradio Oldenburg: Wund sind schon die W\u00e4lder"},"content":{"rendered":"<p>Ein Waldspaziergang im sonnigen Herbst tut gut. Jedoch setzen Sommerd\u00fcrre, Br\u00e4nde und St\u00fcrme dem Wald sehr zu. Wie geht es diesem \u00d6kosystem wirklich? Wibeke Schmidt kl\u00e4rt auf H\u00f6ren Sie rein!<\/p>\n<p>Sendetermine bei Oldenburg Eins (UKW 106,5 oder <a href=\"https:\/\/www.oeins.de\/radio\/live-stream\/\">Web Radio<\/a>):<\/p>\n<ul>\n<li><strong>Freitag, 11. November 2022 um 18:00 Uhr<\/strong><\/li>\n<li><strong>Sonntag, 27. November 2022 um 13:00 Uhr<\/strong><\/li>\n<\/ul>\n<p>Als Podcast ist das Gespr\u00e4ch nach dem ersten Sendetermin online verf\u00fcgbar unter<\/p>\n<p><a href=\"https:\/\/www.kirchenradio-oldenburg.de\/2022\/11\/wund-sind-schon-die-waelder\/\">www.kirchenradio-oldenburg.de\/2022\/11\/wund-sind-schon-die-waelder<\/a><\/p>\n<p>Das Kirchenmagazin von KR55 wird an jedem 2. Freitag im Monat um 18.00 Uhr und jeden 4. Sonntag um 13 Uhr \u00fcber den Oldenburger B\u00fcrgersender <em>Oldenburg Eins<\/em> gesendet.<br \/>\n<a href=\"https:\/\/www.kirchenradio-oldenburg.de\/\">KR55 &#8211; Kirchenradio Oldenburg<\/a><\/p>\n<p>Kirche-Oldenburg<br \/>\n<a href=\"https:\/\/www.kirche-oldenburg.de\/\/aktuell\/aus-den-kirchenkreisen\/artikel\/kr55-kirchenradio-oldenburg-wund-sind-schon-die-waelder\" target=\"_blank\" rel=\"noopener\">KR55 Kirchenradio Oldenburg: Wund sind schon die W\u00e4lder<\/a><\/p>\n","protected":false},"excerpt":{"rendered":"<p>Ein Waldspaziergang im sonnigen Herbst tut gut. Jedoch setzen Sommerd\u00fcrre, Br\u00e4nde und St\u00fcrme dem Wald sehr zu. Wie geht es diesem \u00d6kosystem wirklich? Wibeke Schmidt kl\u00e4rt auf H\u00f6ren Sie rein! Sendetermine bei Oldenburg Eins (UKW 106,5 oder Web Radio): Freitag, 11. November 2022 um 18:00 Uhr Sonntag, 27. November 2022 um 13:00 Uhr Als Podcast ist das Gespr\u00e4ch nach dem ersten Sendetermin online verf\u00fcgbar unter www.kirchenradio-oldenburg.de\/2022\/11\/wund-sind-schon-die-waelder Das Kirchenmagazin von KR55 wird an jedem 2. Freitag im Monat um 18.00 Uhr und jeden 4. Sonntag um 13 Uhr \u00fcber den Oldenburger B\u00fcrgersender Oldenburg Eins gesendet. KR55 &#8211; Kirchenradio Oldenburg Kirche-Oldenburg KR55&#8230;<\/p>\n","protected":false},"author":7,"featured_media":0,"comment_status":"false","ping_status":"open","sticky":false,"template":"","format":"standard","meta":{"footnotes":""},"categories":[43],"tags":[44],"class_list":["post-22594","post","type-post","status-publish","format-standard","hentry","category-kirche-oldenburg","tag-kirche-oldenburg"],"_links":{"self":[{"href":"https:\/\/christusnews.de\/site\/wp-json\/wp\/v2\/posts\/22594","targetHints":{"allow":["GET"]}}],"collection":[{"href":"https:\/\/christusnews.de\/site\/wp-json\/wp\/v2\/posts"}],"about":[{"href":"https:\/\/christusnews.de\/site\/wp-json\/wp\/v2\/types\/post"}],"author":[{"embeddable":true,"href":"https:\/\/christusnews.de\/site\/wp-json\/wp\/v2\/users\/7"}],"replies":[{"embeddable":true,"href":"https:\/\/christusnews.de\/site\/wp-json\/wp\/v2\/comments?post=22594"}],"version-history":[{"count":1,"href":"https:\/\/christusnews.de\/site\/wp-json\/wp\/v2\/posts\/22594\/revisions"}],"predecessor-version":[{"id":22595,"href":"https:\/\/christusnews.de\/site\/wp-json\/wp\/v2\/posts\/22594\/revisions\/22595"}],"wp:attachment":[{"href":"https:\/\/christusnews.de\/site\/wp-json\/wp\/v2\/media?parent=22594"}],"wp:term":[{"taxonomy":"category","embeddable":true,"href":"https:\/\/christusnews.de\/site\/wp-json\/wp\/v2\/categories?post=22594"},{"taxonomy":"post_tag","embeddable":true,"href":"https:\/\/christusnews.de\/site\/wp-json\/wp\/v2\/tags?post=22594"}],"curies":[{"name":"wp","href":"https:\/\/api.w.org\/{rel}","templated":true}]}}