{"id":22596,"date":"2022-11-08T14:07:08","date_gmt":"2022-11-08T13:07:08","guid":{"rendered":"https:\/\/christusnews.de\/site\/sommer-in-sicht-die-blaetter-fallen-aber-wir-planen-schon-mal-die-wildflecken-camps-2023-fuer-das-kindercamp-kann-man-sich-ab-sofort-anmelden-wir-freuen-uns-auf-viele-kinder-von-9-12-jahren-die-v\/"},"modified":"2022-11-08T22:17:31","modified_gmt":"2022-11-08T21:17:31","slug":"sommer-in-sicht-die-blaetter-fallen-aber-wir-planen-schon-mal-die-wildflecken-camps-2023-fuer-das-kindercamp-kann-man-sich-ab-sofort-anmelden-wir-freuen-uns-auf-viele-kinder-von-9-12-jahren-die-v","status":"publish","type":"post","link":"https:\/\/christusnews.de\/site\/sommer-in-sicht-die-blaetter-fallen-aber-wir-planen-schon-mal-die-wildflecken-camps-2023-fuer-das-kindercamp-kann-man-sich-ab-sofort-anmelden-wir-freuen-uns-auf-viele-kinder-von-9-12-jahren-die-v\/","title":{"rendered":"Sommer in Sicht: Die Bl\u00e4tter fallen, aber wir planen schon mal die Wildflecken-Camps 2023. F\u00fcr das Kindercamp kann man sich ab sofort anmelden. Wir freuen uns auf viele Kinder von 9-12 Jahren, die vom 13.-21. Juli 2023 mit uns in die Rh\u00f6n fahren. \nHier findet ihr die Anmeldung:\nhttps:\/\/www.heppenser-kirche.de\/2022\/11\/kindercamp-ab-jetzt-anmelden\/"},"content":{"rendered":"<p>Sommer in Sicht: Die Bl\u00e4tter fallen, aber wir planen schon mal die Wildflecken-Camps 2023. F\u00fcr das Kindercamp kann man sich ab sofort anmelden. Wir freuen uns auf viele Kinder von 9-12 Jahren, die vom 13.-21. Juli 2023 mit uns in die Rh\u00f6n fahren.<br \/>\nHier findet ihr die Anmeldung:<\/p>\n<blockquote class=\"wp-embedded-content\" data-secret=\"WzuoXmqqid\"><p><a href=\"https:\/\/www.heppenser-kirche.de\/2022\/11\/kindercamp-ab-jetzt-anmelden\/\">Kindercamp &#8211; ab jetzt anmelden<\/a><\/p><\/blockquote>\n<p><iframe loading=\"lazy\" class=\"wp-embedded-content\" sandbox=\"allow-scripts\" security=\"restricted\" style=\"position: absolute; clip: rect(1px, 1px, 1px, 1px);\" title=\"&#8222;Kindercamp &#8211; ab jetzt anmelden&#8220; &#8212; Heppenser Kirche\" src=\"https:\/\/www.heppenser-kirche.de\/2022\/11\/kindercamp-ab-jetzt-anmelden\/embed\/#?secret=ylr0NbAc1H#?secret=WzuoXmqqid\" data-secret=\"WzuoXmqqid\" width=\"600\" height=\"338\" frameborder=\"0\" marginwidth=\"0\" marginheight=\"0\" scrolling=\"no\"><\/iframe><br \/>\nHAVENKIRCHE@FB<br \/>\n<a href=\"https:\/\/www.facebook.com\/396185572708352\/posts\/429448412715401\" target=\"_blank\" rel=\"noopener\">Sommer in Sicht: Die Bl\u00e4tter fallen, aber wir planen schon mal die Wildflecken-Camps 2023. F\u00fcr das Kindercamp kann man sich ab sofort anmelden. Wir freuen uns auf viele Kinder von 9-12 Jahren, die vom 13.-21. Juli 2023 mit uns in die Rh\u00f6n fahren.<br \/>\nHier findet ihr die Anmeldung:<br \/>\nhttps:\/\/www.heppenser-kirche.de\/2022\/11\/kindercamp-ab-jetzt-anmelden\/<\/a><\/p>\n","protected":false},"excerpt":{"rendered":"<p>Sommer in Sicht: Die Bl\u00e4tter fallen, aber wir planen schon mal die Wildflecken-Camps 2023. F\u00fcr das Kindercamp kann man sich ab sofort anmelden. Wir freuen uns auf viele Kinder von 9-12 Jahren, die vom 13.-21. Juli 2023 mit uns in die Rh\u00f6n fahren. Hier findet ihr die Anmeldung: Kindercamp &#8211; ab jetzt anmelden HAVENKIRCHE@FB Sommer in Sicht: Die Bl\u00e4tter fallen, aber wir planen schon mal die Wildflecken-Camps 2023. F\u00fcr das Kindercamp kann man sich ab sofort anmelden. Wir freuen uns auf viele Kinder von 9-12 Jahren, die vom 13.-21. Juli 2023 mit uns in die Rh\u00f6n fahren. Hier findet ihr&#8230;<\/p>\n","protected":false},"author":6,"featured_media":0,"comment_status":"false","ping_status":"open","sticky":false,"template":"","format":"standard","meta":{"footnotes":""},"categories":[75],"tags":[76],"class_list":["post-22596","post","type-post","status-publish","format-standard","hentry","category-havenkirche","tag-havenkirche"],"_links":{"self":[{"href":"https:\/\/christusnews.de\/site\/wp-json\/wp\/v2\/posts\/22596","targetHints":{"allow":["GET"]}}],"collection":[{"href":"https:\/\/christusnews.de\/site\/wp-json\/wp\/v2\/posts"}],"about":[{"href":"https:\/\/christusnews.de\/site\/wp-json\/wp\/v2\/types\/post"}],"author":[{"embeddable":true,"href":"https:\/\/christusnews.de\/site\/wp-json\/wp\/v2\/users\/6"}],"replies":[{"embeddable":true,"href":"https:\/\/christusnews.de\/site\/wp-json\/wp\/v2\/comments?post=22596"}],"version-history":[{"count":1,"href":"https:\/\/christusnews.de\/site\/wp-json\/wp\/v2\/posts\/22596\/revisions"}],"predecessor-version":[{"id":22597,"href":"https:\/\/christusnews.de\/site\/wp-json\/wp\/v2\/posts\/22596\/revisions\/22597"}],"wp:attachment":[{"href":"https:\/\/christusnews.de\/site\/wp-json\/wp\/v2\/media?parent=22596"}],"wp:term":[{"taxonomy":"category","embeddable":true,"href":"https:\/\/christusnews.de\/site\/wp-json\/wp\/v2\/categories?post=22596"},{"taxonomy":"post_tag","embeddable":true,"href":"https:\/\/christusnews.de\/site\/wp-json\/wp\/v2\/tags?post=22596"}],"curies":[{"name":"wp","href":"https:\/\/api.w.org\/{rel}","templated":true}]}}