{"id":22600,"date":"2022-11-08T10:41:00","date_gmt":"2022-11-08T09:41:00","guid":{"rendered":"https:\/\/christusnews.de\/site\/evangelische-kirchen-gratulieren-weil-zur-wiederwahl\/"},"modified":"2022-11-09T22:17:28","modified_gmt":"2022-11-09T21:17:28","slug":"evangelische-kirchen-gratulieren-weil-zur-wiederwahl","status":"publish","type":"post","link":"https:\/\/christusnews.de\/site\/evangelische-kirchen-gratulieren-weil-zur-wiederwahl\/","title":{"rendered":"Evangelische Kirchen gratulieren Weil zur Wiederwahl\u00a0"},"content":{"rendered":"<p class=\"MsoPlainText\">Hannover (epd). Der Vorsitzende der Konf\u00f6deration evangelischer Kirchen in Niedersachsen, der Oldenburger Bischof Thomas Adomeit, hat Stephan Weil (SPD) zur Wiederwahl als Ministerpr\u00e4sident des Landes Niedersachsen gratuliert. Die neue Landesregierung \u00fcbernehme die Regierungsverantwortung in einer au\u00dferordentlich unruhigen und herausfordernden Zeit, sagte Adomeit am Dienstag. Weil war am Vormittag im Landtag als Regierungschef des Landes wiedergew\u00e4hlt worden. Er erhielt 82 von 145 abgegebenen Stimmen und tritt seine dritte Amtszeit an.<\/p>\n<p class=\"MsoPlainText\">&nbsp;<\/p>\n<p class=\"MsoPlainText\">\u00abViele Menschen in Niedersachsen waren und sind in beeindruckender Weise solidarisch mit jenen, die in Not geraten sind\u00bb, sagte Adomeit weiter. \u00abDas zivilgesellschaftliche Miteinander in unserem Land zu bewahren und weiter zu st\u00e4rken und gleichzeitig die Zukunftsthemen wie den Klimawandel, die Integration von gefl\u00fcchteten Menschen und die Energiesicherheit entschlossen und nachhaltig anzugehen, sind gro\u00dfe gesamtgesellschaftliche Aufgaben.\u00bb Sie k\u00f6nnten nur gemeinsam von Politik und Zivilgesellschaft bew\u00e4ltigt werden.<\/p>\n<p class=\"MsoPlainText\">&nbsp;<\/p>\n<p class=\"MsoPlainText\">Die evangelischen Kirchen in Niedersachsen freuten sich darauf, die gute und vertrauensvolle Zusammenarbeit der vergangenen Jahre auch mit der neuen Landesregierung fortzusetzen und weiterhin Mitverantwortung innerhalb der Zivilgesellschaft wahrzunehmen.<\/p>\n<p>Kirche-Oldenburg<br \/>\n<a href=\"https:\/\/www.kirche-oldenburg.de\/\/aktuell\/news-niedersachsen\/artikel\/evangelische-kirchen-gratulieren-weil-zur-wiederwahl\" target=\"_blank\" rel=\"noopener\">Evangelische Kirchen gratulieren Weil zur Wiederwahl\u00a0<\/a><\/p>\n","protected":false},"excerpt":{"rendered":"<p>Hannover (epd). Der Vorsitzende der Konf\u00f6deration evangelischer Kirchen in Niedersachsen, der Oldenburger Bischof Thomas Adomeit, hat Stephan Weil (SPD) zur Wiederwahl als Ministerpr\u00e4sident des Landes Niedersachsen gratuliert. Die neue Landesregierung \u00fcbernehme die Regierungsverantwortung in einer au\u00dferordentlich unruhigen und herausfordernden Zeit, sagte Adomeit am Dienstag. Weil war am Vormittag im Landtag als Regierungschef des Landes wiedergew\u00e4hlt worden. Er erhielt 82 von 145 abgegebenen Stimmen und tritt seine dritte Amtszeit an. &nbsp; \u00abViele Menschen in Niedersachsen waren und sind in beeindruckender Weise solidarisch mit jenen, die in Not geraten sind\u00bb, sagte Adomeit weiter. \u00abDas zivilgesellschaftliche Miteinander in unserem Land zu bewahren und&#8230;<\/p>\n","protected":false},"author":7,"featured_media":0,"comment_status":"false","ping_status":"open","sticky":false,"template":"","format":"standard","meta":{"footnotes":""},"categories":[43],"tags":[44],"class_list":["post-22600","post","type-post","status-publish","format-standard","hentry","category-kirche-oldenburg","tag-kirche-oldenburg"],"_links":{"self":[{"href":"https:\/\/christusnews.de\/site\/wp-json\/wp\/v2\/posts\/22600","targetHints":{"allow":["GET"]}}],"collection":[{"href":"https:\/\/christusnews.de\/site\/wp-json\/wp\/v2\/posts"}],"about":[{"href":"https:\/\/christusnews.de\/site\/wp-json\/wp\/v2\/types\/post"}],"author":[{"embeddable":true,"href":"https:\/\/christusnews.de\/site\/wp-json\/wp\/v2\/users\/7"}],"replies":[{"embeddable":true,"href":"https:\/\/christusnews.de\/site\/wp-json\/wp\/v2\/comments?post=22600"}],"version-history":[{"count":1,"href":"https:\/\/christusnews.de\/site\/wp-json\/wp\/v2\/posts\/22600\/revisions"}],"predecessor-version":[{"id":22601,"href":"https:\/\/christusnews.de\/site\/wp-json\/wp\/v2\/posts\/22600\/revisions\/22601"}],"wp:attachment":[{"href":"https:\/\/christusnews.de\/site\/wp-json\/wp\/v2\/media?parent=22600"}],"wp:term":[{"taxonomy":"category","embeddable":true,"href":"https:\/\/christusnews.de\/site\/wp-json\/wp\/v2\/categories?post=22600"},{"taxonomy":"post_tag","embeddable":true,"href":"https:\/\/christusnews.de\/site\/wp-json\/wp\/v2\/tags?post=22600"}],"curies":[{"name":"wp","href":"https:\/\/api.w.org\/{rel}","templated":true}]}}