{"id":22610,"date":"2022-11-09T08:40:00","date_gmt":"2022-11-09T07:40:00","guid":{"rendered":"https:\/\/christusnews.de\/site\/kirchen-und-wohlfahrtsverbaende-erinnern-an-anonym-bestattete\/"},"modified":"2022-11-10T10:17:37","modified_gmt":"2022-11-10T09:17:37","slug":"kirchen-und-wohlfahrtsverbaende-erinnern-an-anonym-bestattete","status":"publish","type":"post","link":"https:\/\/christusnews.de\/site\/kirchen-und-wohlfahrtsverbaende-erinnern-an-anonym-bestattete\/","title":{"rendered":"Kirchen und Wohlfahrtsverb\u00e4nde erinnern an anonym Bestattete"},"content":{"rendered":"<p class=\"MsoPlainText\">Hannover (epd). Die christlichen Wohlfahrtsverb\u00e4nde Diakonie und Caritas und die Kirchen erinnern an diesem Freitag (11. November) mit einer Andacht an die wohnungslos Verstorbenen und anonym Bestatteten. \u00abWir gedenken Menschen, die einsam gestorben sind\u00bb, sagte Propst Christian Wirz f\u00fcr die katholische Kirche in der Region Hannover am Mittwoch. \u00abJeder Mensch hat im Leben und Sterben die gleiche W\u00fcrde &#8211; auch auf der Stra\u00dfe.\u00bb Die Veranstaltung unter dem Leitwort \u00abUnvergessen\u00bb beginnt um 9 Uhr vor dem Tagestreffpunkt der Caritas in der Calenberger Neustadt.<\/p>\n<p class=\"MsoPlainText\">&nbsp;<\/p>\n<p class=\"MsoPlainText\">Stadtsuperintendent Rainer M\u00fcller-Brandes sagte, Obdachlosigkeit mache einsam: \u00abWir m\u00f6chten mit der Andacht zeigen, dass Menschen einen Namen haben, vor Gott und in unseren Herzen unvergessen sind.\u00bb Daher w\u00fcrden w\u00e4hrend der Andacht die Namen der Verstorben verlesen. Freunde und Bekannte h\u00e4tten so die M\u00f6glichkeit noch einmal Abschied zu nehmen.<\/p>\n<p class=\"MsoPlainText\">&nbsp;<\/p>\n<p class=\"MsoPlainText\">Wohnungslose Menschen st\u00fcrben allein, sie w\u00fcrden von \u00abAmts wegen\u00bb bestattet, hie\u00df es weiter &#8211; anonym, meistens nach Ein\u00e4scherung, ohne Angeh\u00f6rige, ohne Vertreter von Kirchen. Die Lage des Grabes bleibe unbekannt. Insgesamt verzeichne die Stadt Hannover im Durchschnitt 350 Bestattungen von Amts wegen. Dazu z\u00e4hlten auch Verstorbene ohne Angeh\u00f6rige.<\/p>\n<p class=\"MsoPlainText\">&nbsp;<\/p>\n<p>Kirche-Oldenburg<br \/>\n<a href=\"https:\/\/www.kirche-oldenburg.de\/\/aktuell\/news-niedersachsen\/artikel\/kirchen-und-wohlfahrtsverbaende-erinnern-an-anonym-bestattete\" target=\"_blank\" rel=\"noopener\">Kirchen und Wohlfahrtsverb\u00e4nde erinnern an anonym Bestattete<\/a><\/p>\n","protected":false},"excerpt":{"rendered":"<p>Hannover (epd). Die christlichen Wohlfahrtsverb\u00e4nde Diakonie und Caritas und die Kirchen erinnern an diesem Freitag (11. November) mit einer Andacht an die wohnungslos Verstorbenen und anonym Bestatteten. \u00abWir gedenken Menschen, die einsam gestorben sind\u00bb, sagte Propst Christian Wirz f\u00fcr die katholische Kirche in der Region Hannover am Mittwoch. \u00abJeder Mensch hat im Leben und Sterben die gleiche W\u00fcrde &#8211; auch auf der Stra\u00dfe.\u00bb Die Veranstaltung unter dem Leitwort \u00abUnvergessen\u00bb beginnt um 9 Uhr vor dem Tagestreffpunkt der Caritas in der Calenberger Neustadt. &nbsp; Stadtsuperintendent Rainer M\u00fcller-Brandes sagte, Obdachlosigkeit mache einsam: \u00abWir m\u00f6chten mit der Andacht zeigen, dass Menschen einen Namen&#8230;<\/p>\n","protected":false},"author":7,"featured_media":0,"comment_status":"false","ping_status":"open","sticky":false,"template":"","format":"standard","meta":{"footnotes":""},"categories":[43],"tags":[44],"class_list":["post-22610","post","type-post","status-publish","format-standard","hentry","category-kirche-oldenburg","tag-kirche-oldenburg"],"_links":{"self":[{"href":"https:\/\/christusnews.de\/site\/wp-json\/wp\/v2\/posts\/22610","targetHints":{"allow":["GET"]}}],"collection":[{"href":"https:\/\/christusnews.de\/site\/wp-json\/wp\/v2\/posts"}],"about":[{"href":"https:\/\/christusnews.de\/site\/wp-json\/wp\/v2\/types\/post"}],"author":[{"embeddable":true,"href":"https:\/\/christusnews.de\/site\/wp-json\/wp\/v2\/users\/7"}],"replies":[{"embeddable":true,"href":"https:\/\/christusnews.de\/site\/wp-json\/wp\/v2\/comments?post=22610"}],"version-history":[{"count":1,"href":"https:\/\/christusnews.de\/site\/wp-json\/wp\/v2\/posts\/22610\/revisions"}],"predecessor-version":[{"id":22611,"href":"https:\/\/christusnews.de\/site\/wp-json\/wp\/v2\/posts\/22610\/revisions\/22611"}],"wp:attachment":[{"href":"https:\/\/christusnews.de\/site\/wp-json\/wp\/v2\/media?parent=22610"}],"wp:term":[{"taxonomy":"category","embeddable":true,"href":"https:\/\/christusnews.de\/site\/wp-json\/wp\/v2\/categories?post=22610"},{"taxonomy":"post_tag","embeddable":true,"href":"https:\/\/christusnews.de\/site\/wp-json\/wp\/v2\/tags?post=22610"}],"curies":[{"name":"wp","href":"https:\/\/api.w.org\/{rel}","templated":true}]}}