{"id":22622,"date":"2022-11-12T11:59:02","date_gmt":"2022-11-12T10:59:02","guid":{"rendered":"https:\/\/christusnews.de\/site\/abendklang-in-der-christus-und-garnisonkirche-sonntag-13-11-2022-um-18-uhrdie-projektband-musikwerkstatt-allstars-ist-morgen-im-abendklang-zu-gast-jedes-jahr-treffen-sich-junge-mensc\/"},"modified":"2022-11-12T22:17:59","modified_gmt":"2022-11-12T21:17:59","slug":"abendklang-in-der-christus-und-garnisonkirche-sonntag-13-11-2022-um-18-uhrdie-projektband-musikwerkstatt-allstars-ist-morgen-im-abendklang-zu-gast-jedes-jahr-treffen-sich-junge-mensc","status":"publish","type":"post","link":"https:\/\/christusnews.de\/site\/abendklang-in-der-christus-und-garnisonkirche-sonntag-13-11-2022-um-18-uhrdie-projektband-musikwerkstatt-allstars-ist-morgen-im-abendklang-zu-gast-jedes-jahr-treffen-sich-junge-mensc\/","title":{"rendered":"Abendklang in der Christus- und Garnisonkirche &#8211; Sonntag 13.11.2022 um 18 Uhr\n\nDie Projektband &quot;Musikwerkstatt Allstars&quot; ist morgen im Abendklang zu Gast. Jedes Jahr treffen sich junge Menschen aus zahlreichen Gemeinden der Region zu einem Musikworkshop. Die Begeisterung f\u00fcr das gemeinsame musizieren hat die Projektband zusammengef\u00fchrt. Unter Leitung der Pop Kantorin Karola Schmelz-H\u00f6pfner wird lenbendig-frische Rock und Pop Musik pr\u00e4sentiert.\n\nDer Eintritt ist frei. Es wird um eine Kollekte f\u00fcr die K\u00fcnstler gebeten."},"content":{"rendered":"<p>Abendklang in der Christus- und Garnisonkirche &#8211; Sonntag 13.11.2022 um 18 Uhr<\/p>\n<p>Die Projektband &#8220;Musikwerkstatt Allstars&#8221; ist morgen im Abendklang zu Gast. Jedes Jahr treffen sich junge Menschen aus zahlreichen Gemeinden der Region zu einem Musikworkshop. Die Begeisterung f\u00fcr das gemeinsame musizieren hat die Projektband zusammengef\u00fchrt. Unter Leitung der Pop Kantorin Karola Schmelz-H\u00f6pfner wird lenbendig-frische Rock und Pop Musik pr\u00e4sentiert.<\/p>\n<p>Der Eintritt ist frei. Es wird um eine Kollekte f\u00fcr die K\u00fcnstler gebeten.<br \/>\nHAVENKIRCHE@FB<br \/>\n<a href=\"https:\/\/www.facebook.com\/396185572708352\/posts\/432506609076248\" target=\"_blank\" rel=\"noopener\">Abendklang in der Christus- und Garnisonkirche &#8211; Sonntag 13.11.2022 um 18 Uhr<\/p>\n<p>Die Projektband &quot;Musikwerkstatt Allstars&quot; ist morgen im Abendklang zu Gast. Jedes Jahr treffen sich junge Menschen aus zahlreichen Gemeinden der Region zu einem Musikworkshop. Die Begeisterung f\u00fcr das gemeinsame musizieren hat die Projektband zusammengef\u00fchrt. Unter Leitung der Pop Kantorin Karola Schmelz-H\u00f6pfner wird lenbendig-frische Rock und Pop Musik pr\u00e4sentiert.<\/p>\n<p>Der Eintritt ist frei. Es wird um eine Kollekte f\u00fcr die K\u00fcnstler gebeten.<\/a><\/p>\n","protected":false},"excerpt":{"rendered":"<p>Abendklang in der Christus- und Garnisonkirche &#8211; Sonntag 13.11.2022 um 18 Uhr Die Projektband &#8220;Musikwerkstatt Allstars&#8221; ist morgen im Abendklang zu Gast. Jedes Jahr treffen sich junge Menschen aus zahlreichen Gemeinden der Region zu einem Musikworkshop. Die Begeisterung f\u00fcr das gemeinsame musizieren hat die Projektband zusammengef\u00fchrt. Unter Leitung der Pop Kantorin Karola Schmelz-H\u00f6pfner wird lenbendig-frische Rock und Pop Musik pr\u00e4sentiert. Der Eintritt ist frei. Es wird um eine Kollekte f\u00fcr die K\u00fcnstler gebeten. HAVENKIRCHE@FB Abendklang in der Christus- und Garnisonkirche &#8211; Sonntag 13.11.2022 um 18 Uhr Die Projektband &quot;Musikwerkstatt Allstars&quot; ist morgen im Abendklang zu Gast. Jedes Jahr treffen sich&#8230;<\/p>\n","protected":false},"author":6,"featured_media":0,"comment_status":"false","ping_status":"open","sticky":false,"template":"","format":"standard","meta":{"footnotes":""},"categories":[75],"tags":[76],"class_list":["post-22622","post","type-post","status-publish","format-standard","hentry","category-havenkirche","tag-havenkirche"],"_links":{"self":[{"href":"https:\/\/christusnews.de\/site\/wp-json\/wp\/v2\/posts\/22622","targetHints":{"allow":["GET"]}}],"collection":[{"href":"https:\/\/christusnews.de\/site\/wp-json\/wp\/v2\/posts"}],"about":[{"href":"https:\/\/christusnews.de\/site\/wp-json\/wp\/v2\/types\/post"}],"author":[{"embeddable":true,"href":"https:\/\/christusnews.de\/site\/wp-json\/wp\/v2\/users\/6"}],"replies":[{"embeddable":true,"href":"https:\/\/christusnews.de\/site\/wp-json\/wp\/v2\/comments?post=22622"}],"version-history":[{"count":1,"href":"https:\/\/christusnews.de\/site\/wp-json\/wp\/v2\/posts\/22622\/revisions"}],"predecessor-version":[{"id":22623,"href":"https:\/\/christusnews.de\/site\/wp-json\/wp\/v2\/posts\/22622\/revisions\/22623"}],"wp:attachment":[{"href":"https:\/\/christusnews.de\/site\/wp-json\/wp\/v2\/media?parent=22622"}],"wp:term":[{"taxonomy":"category","embeddable":true,"href":"https:\/\/christusnews.de\/site\/wp-json\/wp\/v2\/categories?post=22622"},{"taxonomy":"post_tag","embeddable":true,"href":"https:\/\/christusnews.de\/site\/wp-json\/wp\/v2\/tags?post=22622"}],"curies":[{"name":"wp","href":"https:\/\/api.w.org\/{rel}","templated":true}]}}