{"id":22626,"date":"2022-11-13T09:00:00","date_gmt":"2022-11-13T08:00:00","guid":{"rendered":"https:\/\/christusnews.de\/site\/pistorius-wm-vergabe-nach-katar-ist-sportpolitischer-suendenfall\/"},"modified":"2022-11-14T10:18:49","modified_gmt":"2022-11-14T09:18:49","slug":"pistorius-wm-vergabe-nach-katar-ist-sportpolitischer-suendenfall","status":"publish","type":"post","link":"https:\/\/christusnews.de\/site\/pistorius-wm-vergabe-nach-katar-ist-sportpolitischer-suendenfall\/","title":{"rendered":"Pistorius: WM-Vergabe nach Katar ist \u00absportpolitischer S\u00fcndenfall\u00bb"},"content":{"rendered":"<p class=\"MsoPlainText\">Braunschweig\/Hannover (epd). Gut eine Woche vor dem Start der Fu\u00dfball-Weltmeisterschaft in Katar hat Niedersachsens Innenminister Boris Pistorius (SPD) seine Kritik an der Vergabe in den W\u00fcstenstaat durch den Weltfu\u00dfballverband Fifa bekr\u00e4ftigt. Die Entscheidung zugunsten des Emirats sei ein \u00absportpolitischer S\u00fcndenfall\u00bb, sagte Pistorius der \u00abBraunschweiger Zeitung\u00bb (Sonnabend).<\/p>\n<p class=\"MsoPlainText\">&nbsp;<\/p>\n<p class=\"MsoPlainText\">\u00abIch habe nie verstanden, warum man eine WM vor Weihnachten ausrichtet, in einem Land, in dem es schlichtweg zu hei\u00df f\u00fcr diesen Sport ist\u00bb, erl\u00e4uterte der Minister. Jetzt m\u00fcssten die f\u00fcr Milliardengelder neu gebauten Stadien heruntergek\u00fchlt werden, damit die Fu\u00dfballer \u00fcberhaupt spielen k\u00f6nnten.<\/p>\n<p class=\"MsoPlainText\">&nbsp;<\/p>\n<p class=\"MsoPlainText\">Zur Menschenrechtslage in dem Emirat sagte Pistorius, er sehe einige positive Entwicklungen. Dennoch habe die WM niemals nach Katar vergeben werden d\u00fcrfen. \u00abMein Interesse an dieser WM ist deutlich geringer als bei allen Weltmeisterschaften vorher.\u00bb<\/p>\n<p class=\"MsoPlainText\">&nbsp;<\/p>\n<p class=\"MsoPlainText\">Pistorius verwahrte sich zudem gegen den Vorwurf einer \u00abdeutschen Doppelmoral\u00bb. Das Ja zum katarischen Gas und der diplomatischen Hilfe des Landes nach der Macht\u00fcbernahme der Taliban in Afghanistan m\u00fcsse losgel\u00f6st von der Frage der Vergabe einer Fu\u00dfball-WM dorthin gesehen werden. \u00abDas ist etwas v\u00f6llig anderes.\u00bb Die WM in Katar beginnt am 20. November und l\u00e4uft bis zum 18. Dezember.<\/p>\n<p>Kirche-Oldenburg<br \/>\n<a href=\"https:\/\/www.kirche-oldenburg.de\/\/aktuell\/news-niedersachsen\/artikel\/pistorius-wm-vergabe-nach-katar-ist-sportpolitischer-suendenfall\" target=\"_blank\" rel=\"noopener\">Pistorius: WM-Vergabe nach Katar ist \u00absportpolitischer S\u00fcndenfall\u00bb<\/a><\/p>\n","protected":false},"excerpt":{"rendered":"<p>Braunschweig\/Hannover (epd). Gut eine Woche vor dem Start der Fu\u00dfball-Weltmeisterschaft in Katar hat Niedersachsens Innenminister Boris Pistorius (SPD) seine Kritik an der Vergabe in den W\u00fcstenstaat durch den Weltfu\u00dfballverband Fifa bekr\u00e4ftigt. Die Entscheidung zugunsten des Emirats sei ein \u00absportpolitischer S\u00fcndenfall\u00bb, sagte Pistorius der \u00abBraunschweiger Zeitung\u00bb (Sonnabend). &nbsp; \u00abIch habe nie verstanden, warum man eine WM vor Weihnachten ausrichtet, in einem Land, in dem es schlichtweg zu hei\u00df f\u00fcr diesen Sport ist\u00bb, erl\u00e4uterte der Minister. Jetzt m\u00fcssten die f\u00fcr Milliardengelder neu gebauten Stadien heruntergek\u00fchlt werden, damit die Fu\u00dfballer \u00fcberhaupt spielen k\u00f6nnten. &nbsp; Zur Menschenrechtslage in dem Emirat sagte Pistorius, er sehe&#8230;<\/p>\n","protected":false},"author":7,"featured_media":0,"comment_status":"false","ping_status":"open","sticky":false,"template":"","format":"standard","meta":{"footnotes":""},"categories":[43],"tags":[44],"class_list":["post-22626","post","type-post","status-publish","format-standard","hentry","category-kirche-oldenburg","tag-kirche-oldenburg"],"_links":{"self":[{"href":"https:\/\/christusnews.de\/site\/wp-json\/wp\/v2\/posts\/22626","targetHints":{"allow":["GET"]}}],"collection":[{"href":"https:\/\/christusnews.de\/site\/wp-json\/wp\/v2\/posts"}],"about":[{"href":"https:\/\/christusnews.de\/site\/wp-json\/wp\/v2\/types\/post"}],"author":[{"embeddable":true,"href":"https:\/\/christusnews.de\/site\/wp-json\/wp\/v2\/users\/7"}],"replies":[{"embeddable":true,"href":"https:\/\/christusnews.de\/site\/wp-json\/wp\/v2\/comments?post=22626"}],"version-history":[{"count":1,"href":"https:\/\/christusnews.de\/site\/wp-json\/wp\/v2\/posts\/22626\/revisions"}],"predecessor-version":[{"id":22627,"href":"https:\/\/christusnews.de\/site\/wp-json\/wp\/v2\/posts\/22626\/revisions\/22627"}],"wp:attachment":[{"href":"https:\/\/christusnews.de\/site\/wp-json\/wp\/v2\/media?parent=22626"}],"wp:term":[{"taxonomy":"category","embeddable":true,"href":"https:\/\/christusnews.de\/site\/wp-json\/wp\/v2\/categories?post=22626"},{"taxonomy":"post_tag","embeddable":true,"href":"https:\/\/christusnews.de\/site\/wp-json\/wp\/v2\/tags?post=22626"}],"curies":[{"name":"wp","href":"https:\/\/api.w.org\/{rel}","templated":true}]}}