{"id":22628,"date":"2022-11-12T08:59:00","date_gmt":"2022-11-12T07:59:00","guid":{"rendered":"https:\/\/christusnews.de\/site\/rotes-kreuz-in-niedersachsen-feiert-75-jaehriges-bestehen\/"},"modified":"2022-11-14T10:18:49","modified_gmt":"2022-11-14T09:18:49","slug":"rotes-kreuz-in-niedersachsen-feiert-75-jaehriges-bestehen","status":"publish","type":"post","link":"https:\/\/christusnews.de\/site\/rotes-kreuz-in-niedersachsen-feiert-75-jaehriges-bestehen\/","title":{"rendered":"Rotes Kreuz in Niedersachsen feiert 75-j\u00e4hriges Bestehen"},"content":{"rendered":"<p class=\"MsoPlainText\">Hannover (epd). Das Deutsche Rote Kreuz in Niedersachsen hat am Sonnabend sein 75-j\u00e4hriges Bestehen gefeiert. Dabei w\u00fcrdigte Innenminister Boris Pistorius (SPD) die Leistungen der Hilfsorganisation in Geschichte und Gegenwart, wie das Rote Kreuz mitteilte. Die Gr\u00fcndungsidee des Roten Kreuzes, Menschen in Not beizustehen unabh\u00e4ngig von Hautfarbe, Religion, Nationalit\u00e4t, sozialem Status oder politischer Ausrichtung sei unver\u00e4ndert aktuell, betonte der Minister bei der 75. Mitgliederversammlung in Hannover vor rund 220 G\u00e4sten. Die aktuelle Situation in der Ukraine, aber auch der Klimawandel machten immer wieder deutlich, wie wichtig Organisationen wie das Rote Kreuz seien.<\/p>\n<p class=\"MsoPlainText\">&nbsp;<\/p>\n<p class=\"MsoPlainText\">Der fr\u00fchere nieders\u00e4chsische Ministerpr\u00e4sident David McAllister (CDU) sagte, das Rote Kreuz setze mit seiner Arbeit ein Zeichen f\u00fcr ein Leben in Frieden, Gesundheit und W\u00fcrde. McAllister ist inzwischen Abgeordneter im Europ\u00e4ischen Parlament und dort Vorsitzender des Ausschusses f\u00fcr ausw\u00e4rtige Angelegenheiten. Auch die Pr\u00e4sidentin des bundesweiten Roten Kreuzes, die fr\u00fchere Bundesgesundheitsministerin Gerda Hasselfeldt (CSU), gratulierte dem nieders\u00e4chsischen Landesverband. Dessen Mitarbeitende seien \u00abnah am Menschen\u00bb, betonte sie.<\/p>\n<p class=\"MsoPlainText\">&nbsp;<\/p>\n<p class=\"MsoPlainText\">Verbandspr\u00e4sident Hans Hartmann wurde bei der Mitgliederversammlung f\u00fcr vier weitere Jahre im Amt best\u00e4tigt. Die Bilder aus der Gr\u00fcndungszeit des Landesverbandes im Jahr 1947 seien denen von heute \u00e4hnlich, sagte er in einer Jubil\u00e4umsrede. Hier wie dort seien Fl\u00fcchtlingsunterk\u00fcnfte und vertriebene Menschen zu sehen, die eine Bleibe suchten. Gleichzeitig zeigten die Fotos tatkr\u00e4ftige Frauen und M\u00e4nner des Roten Kreuzes.<\/p>\n<p class=\"MsoPlainText\">&nbsp;<\/p>\n<p class=\"MsoPlainText\">Hartmann stellte ein Buch zum 75. Geburtstag des Verbandes vor. Er steht bereits seit 2014 an der Spitze des Roten Kreuzes in Niedersachsen. Zum Pr\u00e4sidium des Landesverbandes geh\u00f6ren unter anderem auch die Bundestagsabgeordneten Mareike Wulf (CDU) und Christos Pantazis (SPD).<\/p>\n<p>Kirche-Oldenburg<br \/>\n<a href=\"https:\/\/www.kirche-oldenburg.de\/\/aktuell\/news-niedersachsen\/artikel\/rotes-kreuz-in-niedersachsen-feiert-75-jaehriges-bestehen\" target=\"_blank\" rel=\"noopener\">Rotes Kreuz in Niedersachsen feiert 75-j\u00e4hriges Bestehen<\/a><\/p>\n","protected":false},"excerpt":{"rendered":"<p>Hannover (epd). Das Deutsche Rote Kreuz in Niedersachsen hat am Sonnabend sein 75-j\u00e4hriges Bestehen gefeiert. Dabei w\u00fcrdigte Innenminister Boris Pistorius (SPD) die Leistungen der Hilfsorganisation in Geschichte und Gegenwart, wie das Rote Kreuz mitteilte. Die Gr\u00fcndungsidee des Roten Kreuzes, Menschen in Not beizustehen unabh\u00e4ngig von Hautfarbe, Religion, Nationalit\u00e4t, sozialem Status oder politischer Ausrichtung sei unver\u00e4ndert aktuell, betonte der Minister bei der 75. Mitgliederversammlung in Hannover vor rund 220 G\u00e4sten. Die aktuelle Situation in der Ukraine, aber auch der Klimawandel machten immer wieder deutlich, wie wichtig Organisationen wie das Rote Kreuz seien. &nbsp; Der fr\u00fchere nieders\u00e4chsische Ministerpr\u00e4sident David McAllister (CDU) sagte,&#8230;<\/p>\n","protected":false},"author":7,"featured_media":0,"comment_status":"false","ping_status":"open","sticky":false,"template":"","format":"standard","meta":{"footnotes":""},"categories":[43],"tags":[44],"class_list":["post-22628","post","type-post","status-publish","format-standard","hentry","category-kirche-oldenburg","tag-kirche-oldenburg"],"_links":{"self":[{"href":"https:\/\/christusnews.de\/site\/wp-json\/wp\/v2\/posts\/22628","targetHints":{"allow":["GET"]}}],"collection":[{"href":"https:\/\/christusnews.de\/site\/wp-json\/wp\/v2\/posts"}],"about":[{"href":"https:\/\/christusnews.de\/site\/wp-json\/wp\/v2\/types\/post"}],"author":[{"embeddable":true,"href":"https:\/\/christusnews.de\/site\/wp-json\/wp\/v2\/users\/7"}],"replies":[{"embeddable":true,"href":"https:\/\/christusnews.de\/site\/wp-json\/wp\/v2\/comments?post=22628"}],"version-history":[{"count":1,"href":"https:\/\/christusnews.de\/site\/wp-json\/wp\/v2\/posts\/22628\/revisions"}],"predecessor-version":[{"id":22629,"href":"https:\/\/christusnews.de\/site\/wp-json\/wp\/v2\/posts\/22628\/revisions\/22629"}],"wp:attachment":[{"href":"https:\/\/christusnews.de\/site\/wp-json\/wp\/v2\/media?parent=22628"}],"wp:term":[{"taxonomy":"category","embeddable":true,"href":"https:\/\/christusnews.de\/site\/wp-json\/wp\/v2\/categories?post=22628"},{"taxonomy":"post_tag","embeddable":true,"href":"https:\/\/christusnews.de\/site\/wp-json\/wp\/v2\/tags?post=22628"}],"curies":[{"name":"wp","href":"https:\/\/api.w.org\/{rel}","templated":true}]}}