{"id":22636,"date":"2022-11-13T00:58:00","date_gmt":"2022-11-12T23:58:00","guid":{"rendered":"https:\/\/christusnews.de\/site\/perspektiven-fuer-ein-gelingendes-gemeindeleben\/"},"modified":"2022-11-15T10:18:35","modified_gmt":"2022-11-15T09:18:35","slug":"perspektiven-fuer-ein-gelingendes-gemeindeleben","status":"publish","type":"post","link":"https:\/\/christusnews.de\/site\/perspektiven-fuer-ein-gelingendes-gemeindeleben\/","title":{"rendered":"Perspektiven f\u00fcr ein gelingendes Gemeindeleben"},"content":{"rendered":"<p>Die Personaldecke bei den Hauptamtlichen wird immer enger, Ehrenamtliche lassen sich immer schwieriger f\u00fcr langfristige Aufgaben begeistern und in den Kassen g\u00e4hnende Leere \u2013 auch vor Corona mussten die Aktiven in den Kirchengemeinden bereits kr\u00e4ftig strampeln, damit es in den Gruppen und Kreisen halbwegs rund lief. Mittlerweile hat sich die Situation noch versch\u00e4rft: mit den Auswirkungen der Pandemie, mit dem Krieg in der Ukraine, mit Energiekrise und Inflation erlebe man derzeit eine \u201eMehrfachproblematik, unter deren Wolkendecke es extrem aufwendig sei, ein einigerma\u00dfen funktionierendes Gemeindeleben aufrecht zu erhalten, berichtete Kreispfarrer Christian Scheuer bei der Herbstsynode im Ev.-luth. Kirchenkreis Friesland-Wilhelmshaven, die am Samstag, 12. November, in Wilhelmshaven tagte. Oberkirchenrat Detlef Mucks-B\u00fcker \u00fcberbrachte die Gr\u00fc\u00dfe aus Oldenburg.&nbsp;<br \/>\n&nbsp;<br \/>\n\u201eNach der Pandemie keimen einige zarte Pfl\u00e4nzchen wieder, es sind aber viele L\u00fccken entstanden und alles ist noch sehr verletzlich. Wir m\u00fcssen jetzt mit ganz viel Augenma\u00df vorgehen und d\u00fcrfen nicht mit den Heizungen zugleich auch das Gemeindeleben abdrehen\u201c, mahnte Scheuer.&nbsp;<\/p>\n<p>F\u00fcr das kommende Jahr wird ein besonderer Fokus auf den Lektorendienst gelegt. Zum einen sollte man hier niedrigschwelliger vorgehen, allein der Begriff Lektor trifft wohl nicht mehr ganz den Zeitgeist. Es sollen Schulungen f\u00fcr Leseinteressierte angeboten werden, um Stimme und Atem zu trainieren und um ein Gemeinschaftserlebnis zu f\u00f6rdern \u2013 Dinge, die lange nicht m\u00f6glich waren. Im Zuge der Energiesparma\u00dfnahmen sollen auch Bewegungsmomente in die Gottesdienste eingebunden werden.&nbsp;<\/p>\n<p>Weiteres Thema waren die Finanzen: hier gibt es noch viel Unsicherheit zum Thema Umsatzsteuer, die ab Januar in den Kirchengemeinden anf\u00e4llt.&nbsp;<\/p>\n<p>Im Kirchenkreis Friesland-Wilhelmshaven wird zum Jahreswechsel ein Tr\u00e4gerverbund installiert, der die professionelle Gesch\u00e4ftsf\u00fchrung f\u00fcr die evangelische Familienbildungsst\u00e4tte und f\u00fcr die Kindertagesst\u00e4tten \u00fcbernimmt. In diesem Zusammenhang ging es um Personalfragen, alle anderen Details wurden in den vergangenen beiden Jahren gekl\u00e4rt. Im Kirchenkreis geht es dabei um rund 350 Mitarbeitende, die betroffen sind, bei allen sollen die Arbeitsvertr\u00e4ge \u00fcbergeleitet werden.&nbsp;<\/p>\n<p>Im n\u00f6rdlichen Kirchenkreis wollen sich im Wangerland zun\u00e4chst sieben bisher selbstst\u00e4ndige Kirchengemeinden zum 1. Januar 2023 zusammenschlie\u00dfen und eine gro\u00dfe Kirchengemeinde bilden, nach den Wahlen zum Gemeindekirchenrat sollen Mitte 2024 zwei weitere Gemeinden hinzukommen. In der Synode berichteten Pfarrer J\u00fcrgen Walter und der Synodale L\u00fcbbo Meppen \u00fcber die einzelnen Schritte. Mit Enthusiasmus allein sei es nicht getan. Wichtigste Voraussetzung f\u00fcr den Erfolg sei eine Vision, ein gemeinsames Ziel. Seit mehr als vier Jahren arbeiten die Kirchengemeinden im Wangerland an dem Zusammenschluss, ein Weg, der vielen anderen Gemeinden noch bevorsteht. Wohl deshalb wurde auch ausf\u00fchrlich diskutiert und die 51 anwesenden Synodalen nahmen etliche gute Tipps mit in die eigenen Gemeinden. &nbsp;&nbsp;<\/p>\n<p>In seinem Gru\u00dfwort dankte Oberkirchenrat Detlef Mucks-B\u00fcker dem Kirchenkreis und seinen Gemeinden f\u00fcr die engagierte Arbeit. Dann ging er auch auf aktuelle Themen ein. Angesichts mehrerer personeller Abg\u00e4nge an der Spitze der Kirche zeigte sich Mucks-B\u00fcker selbstkritisch: \u201eWir m\u00f6chten jetzt eine Phase herbeif\u00fchren, die uns Zeit gibt, um aus Fehlern, die offenkundig auch passiert sein, zu lernen. Unsere Kirche ist enorm im Umbruch, das gilt auch f\u00fcr den Kirchenkreis ebenso wie f\u00fcr die Gesamtkirche.\u201c<\/p>\n<p><em>Ein Beitrag von Annette Kellin.<\/em><\/p>\n<p>Kirche-Oldenburg<br \/>\n<a href=\"https:\/\/www.kirche-oldenburg.de\/\/aktuell\/aus-den-kirchenkreisen\/artikel\/perspektiven-fuer-ein-gelingendes-gemeindeleben\" target=\"_blank\" rel=\"noopener\">Perspektiven f\u00fcr ein gelingendes Gemeindeleben<\/a><\/p>\n","protected":false},"excerpt":{"rendered":"<p>Die Personaldecke bei den Hauptamtlichen wird immer enger, Ehrenamtliche lassen sich immer schwieriger f\u00fcr langfristige Aufgaben begeistern und in den Kassen g\u00e4hnende Leere \u2013 auch vor Corona mussten die Aktiven in den Kirchengemeinden bereits kr\u00e4ftig strampeln, damit es in den Gruppen und Kreisen halbwegs rund lief. Mittlerweile hat sich die Situation noch versch\u00e4rft: mit den Auswirkungen der Pandemie, mit dem Krieg in der Ukraine, mit Energiekrise und Inflation erlebe man derzeit eine \u201eMehrfachproblematik, unter deren Wolkendecke es extrem aufwendig sei, ein einigerma\u00dfen funktionierendes Gemeindeleben aufrecht zu erhalten, berichtete Kreispfarrer Christian Scheuer bei der Herbstsynode im Ev.-luth. Kirchenkreis Friesland-Wilhelmshaven, die am&#8230;<\/p>\n","protected":false},"author":7,"featured_media":0,"comment_status":"false","ping_status":"open","sticky":false,"template":"","format":"standard","meta":{"footnotes":""},"categories":[43],"tags":[44],"class_list":["post-22636","post","type-post","status-publish","format-standard","hentry","category-kirche-oldenburg","tag-kirche-oldenburg"],"_links":{"self":[{"href":"https:\/\/christusnews.de\/site\/wp-json\/wp\/v2\/posts\/22636","targetHints":{"allow":["GET"]}}],"collection":[{"href":"https:\/\/christusnews.de\/site\/wp-json\/wp\/v2\/posts"}],"about":[{"href":"https:\/\/christusnews.de\/site\/wp-json\/wp\/v2\/types\/post"}],"author":[{"embeddable":true,"href":"https:\/\/christusnews.de\/site\/wp-json\/wp\/v2\/users\/7"}],"replies":[{"embeddable":true,"href":"https:\/\/christusnews.de\/site\/wp-json\/wp\/v2\/comments?post=22636"}],"version-history":[{"count":1,"href":"https:\/\/christusnews.de\/site\/wp-json\/wp\/v2\/posts\/22636\/revisions"}],"predecessor-version":[{"id":22637,"href":"https:\/\/christusnews.de\/site\/wp-json\/wp\/v2\/posts\/22636\/revisions\/22637"}],"wp:attachment":[{"href":"https:\/\/christusnews.de\/site\/wp-json\/wp\/v2\/media?parent=22636"}],"wp:term":[{"taxonomy":"category","embeddable":true,"href":"https:\/\/christusnews.de\/site\/wp-json\/wp\/v2\/categories?post=22636"},{"taxonomy":"post_tag","embeddable":true,"href":"https:\/\/christusnews.de\/site\/wp-json\/wp\/v2\/tags?post=22636"}],"curies":[{"name":"wp","href":"https:\/\/api.w.org\/{rel}","templated":true}]}}