{"id":22640,"date":"2022-11-14T11:27:00","date_gmt":"2022-11-14T10:27:00","guid":{"rendered":"https:\/\/christusnews.de\/site\/kirchenvertreter-wollen-auf-wm-spiele-verzichten\/"},"modified":"2022-11-15T22:18:06","modified_gmt":"2022-11-15T21:18:06","slug":"kirchenvertreter-wollen-auf-wm-spiele-verzichten","status":"publish","type":"post","link":"https:\/\/christusnews.de\/site\/kirchenvertreter-wollen-auf-wm-spiele-verzichten\/","title":{"rendered":"Kirchenvertreter wollen auf WM-Spiele verzichten"},"content":{"rendered":"<p class=\"MsoPlainText\">Hannover\/Bremen (epd). Die leitenden evangelischen Theologen in Niedersachsen und Bremen wollen sich keine \u00dcbertragungen der Fu\u00dfball-Weltmeisterschaft in Katar ansehen. \u00abIch glaube, dass die Fifa (Weltfu\u00dfballverband) sich keinen Gefallen getan hat, denn der Makel, dass Geld \u00fcber allem steht, haftet ihr nachhaltig an\u00bb, fasste der Oldenburger Bischof Thomas Adomeit die ablehnende Stimmung am Montag zusammen. Wenn die Zuschauerinnen und Zuschauer ihrem Unmut \u00fcber das Turnier Ausdruck verleihen wollten, sei dies bei den Einschaltquoten am ehesten zu erkennen. Das Auftaktspiel zwischen Katar und Ecuador wird an diesem Sonntag angepfiffen.<\/p>\n<p class=\"MsoPlainText\">&nbsp;<\/p>\n<p class=\"MsoPlainText\">Die fu\u00dfballbegeisterte Kirchenpr\u00e4sidentin der Evangelisch-reformierten Kirche, Susanne Bei der Wieden, will auf die \u00dcbertragungen der Spiele im Fernsehen \u00abschweren Herzens\u00bb verzichten. \u00abZu hoch ist der Preis, den Menschen in Katar f\u00fcr das Stattfinden der Wettk\u00e4mpfe zahlen mussten\u00bb, sagte sie. Sollte Deutschland das Finale erreichen, k\u00f6nne sie jedoch nicht ausschlie\u00dfen, vielleicht doch den Fernseher einzuschalten. \u00abDa wird die Versuchung dann sehr gro\u00df sein\u00bb, r\u00e4umte die Anh\u00e4ngerin der Eintracht Frankfurt ein.<\/p>\n<p class=\"MsoPlainText\">&nbsp;<\/p>\n<p class=\"MsoPlainText\">Der hannoversche Landesbischof Ralf Meister erinnerte an homophobe \u00c4u\u00dferungen von Offiziellen aus Katar und die Missachtung der Menschenrechte bei den Bauarbeiten der Stadien. Er lud zeitgleich zum Er\u00f6ffnungsspiel den Generalsekret\u00e4r von Amnesty International in Deutschland, Markus N. Beeko, und den Pr\u00e4sidenten des Nieders\u00e4chsischen Fu\u00dfballverbands, Ralph-Uwe Schaffert, zu einer \u00f6ffentlichen Diskussionsrunde \u00fcber Menschenrechte in die hannoversche Marktkirche ein.<\/p>\n<p class=\"MsoPlainText\">&nbsp;<\/p>\n<p class=\"MsoPlainText\">In Bremen \u00e4u\u00dferte der leitende Theologe Bernd Kuschnerus Verst\u00e4ndnis daf\u00fcr, dass die Anstrengungen der Spieler gew\u00fcrdigt werden. Dennoch werde er sich die Spiele nicht ansehen und sich immer gegen Verachtung von Frauen und queeren Menschen im Gastgeberland Katar positionieren. Weiter bedauerte er, dass das Auftaktspiel am Totensonntag angepfiffen wird. \u00abDas ist f\u00fcr mich ein wichtiger stiller Feiertag, an dem ich der Verstorbenen gedenke.\u00bb Auch die anschlie\u00dfende Adventszeit sei f\u00fcr ihn eine Zeit der Vorfreude auf Weihnachten und der Besinnung, darauf, was im Leben wirklich z\u00e4hle. \u00abIn diesen Zeiten eines Krieges in Europa und weiterer Krisen ist mir das besonders wichtig\u00bb, betonte der Theologe, der sonst Werder-Bremen die Daumen dr\u00fcckt.<\/p>\n<p class=\"MsoPlainText\">&nbsp;<\/p>\n<p>Auch der Sportbeauftragte der Konf\u00f6deration evangelischer Kirchen in Niedersachsen, der oldenburgische Oberkirchenrat Detlef Mucks-B\u00fcker, will auf die Spiele verzichten. Boykott k\u00f6nne auch bedeuten, das Fu\u00dfball-Turnier zu ignorieren, sagte der&nbsp;Fan des FC Schalke 04. Statt vor dem Bildschirm die Spiele zu sehen, sei auch ein Bummel \u00fcber den Weihnachtsmarkt oder ein Besuch des Fitness-Studios m\u00f6glich.<\/p>\n<p>Kirche-Oldenburg<br \/>\n<a href=\"https:\/\/www.kirche-oldenburg.de\/\/aktuell\/news-niedersachsen\/artikel\/kirchenvertreter-wollen-auf-wm-spiele-verzichten\" target=\"_blank\" rel=\"noopener\">Kirchenvertreter wollen auf WM-Spiele verzichten<\/a><\/p>\n","protected":false},"excerpt":{"rendered":"<p>Hannover\/Bremen (epd). Die leitenden evangelischen Theologen in Niedersachsen und Bremen wollen sich keine \u00dcbertragungen der Fu\u00dfball-Weltmeisterschaft in Katar ansehen. \u00abIch glaube, dass die Fifa (Weltfu\u00dfballverband) sich keinen Gefallen getan hat, denn der Makel, dass Geld \u00fcber allem steht, haftet ihr nachhaltig an\u00bb, fasste der Oldenburger Bischof Thomas Adomeit die ablehnende Stimmung am Montag zusammen. Wenn die Zuschauerinnen und Zuschauer ihrem Unmut \u00fcber das Turnier Ausdruck verleihen wollten, sei dies bei den Einschaltquoten am ehesten zu erkennen. Das Auftaktspiel zwischen Katar und Ecuador wird an diesem Sonntag angepfiffen. &nbsp; Die fu\u00dfballbegeisterte Kirchenpr\u00e4sidentin der Evangelisch-reformierten Kirche, Susanne Bei der Wieden, will auf&#8230;<\/p>\n","protected":false},"author":7,"featured_media":0,"comment_status":"false","ping_status":"open","sticky":false,"template":"","format":"standard","meta":{"footnotes":""},"categories":[43],"tags":[44],"class_list":["post-22640","post","type-post","status-publish","format-standard","hentry","category-kirche-oldenburg","tag-kirche-oldenburg"],"_links":{"self":[{"href":"https:\/\/christusnews.de\/site\/wp-json\/wp\/v2\/posts\/22640","targetHints":{"allow":["GET"]}}],"collection":[{"href":"https:\/\/christusnews.de\/site\/wp-json\/wp\/v2\/posts"}],"about":[{"href":"https:\/\/christusnews.de\/site\/wp-json\/wp\/v2\/types\/post"}],"author":[{"embeddable":true,"href":"https:\/\/christusnews.de\/site\/wp-json\/wp\/v2\/users\/7"}],"replies":[{"embeddable":true,"href":"https:\/\/christusnews.de\/site\/wp-json\/wp\/v2\/comments?post=22640"}],"version-history":[{"count":1,"href":"https:\/\/christusnews.de\/site\/wp-json\/wp\/v2\/posts\/22640\/revisions"}],"predecessor-version":[{"id":22641,"href":"https:\/\/christusnews.de\/site\/wp-json\/wp\/v2\/posts\/22640\/revisions\/22641"}],"wp:attachment":[{"href":"https:\/\/christusnews.de\/site\/wp-json\/wp\/v2\/media?parent=22640"}],"wp:term":[{"taxonomy":"category","embeddable":true,"href":"https:\/\/christusnews.de\/site\/wp-json\/wp\/v2\/categories?post=22640"},{"taxonomy":"post_tag","embeddable":true,"href":"https:\/\/christusnews.de\/site\/wp-json\/wp\/v2\/tags?post=22640"}],"curies":[{"name":"wp","href":"https:\/\/api.w.org\/{rel}","templated":true}]}}