{"id":22655,"date":"2022-11-16T09:10:00","date_gmt":"2022-11-16T08:10:00","guid":{"rendered":"https:\/\/christusnews.de\/site\/kirche-schliesst-jugendbildungsstaette-asel-zum-jahresende\/"},"modified":"2022-11-17T10:18:44","modified_gmt":"2022-11-17T09:18:44","slug":"kirche-schliesst-jugendbildungsstaette-asel-zum-jahresende","status":"publish","type":"post","link":"https:\/\/christusnews.de\/site\/kirche-schliesst-jugendbildungsstaette-asel-zum-jahresende\/","title":{"rendered":"Kirche schlie\u00dft Jugendbildungsst\u00e4tte Asel zum Jahresende"},"content":{"rendered":"<p class=\"MsoPlainText\">Asel\/Kr. Wittmund (epd). Die evangelische Jugendbildungsst\u00e4tte Asel bei Wittmund wird nach mehr als 90 Jahren zum Jahresende schlie\u00dfen. Der Kirchenkreis Harlingerland k\u00f6nne die Tr\u00e4gerschaft aus finanziellen Gr\u00fcnden nicht mehr alleine stemmen, sagte eine Sprecherin des Sprengels Ostfriesland-Ems am Mittwoch dem Evangelischen Pressedienst (epd). Der Kirchenvorstand in Asel stehe jedoch in Verhandlungen mit Interessenten, die das Areal weiter f\u00fcr die Bildungsarbeit nutzen wollten.<\/p>\n<p class=\"MsoPlainText\">&nbsp;<\/p>\n<p class=\"MsoPlainText\">Regionalbischof Detlef Klahr werde am Sonnabend (19. November) die Mitarbeitenden mit einem Gottesdienst in der Aseler St.-Dionysius-Kirche offiziell verabschieden. Sie h\u00e4tten \u00abzum Teil \u00fcber Jahrzehnte herausragende Arbeit mit einem engen Finanzrahmen geleistet\u00bb, sagte Klahr. \u00abNur durch ihr unerm\u00fcdliches Engagement konnte die Bildungsarbeit durch alle Krisen und schwierigen Finanzlagen hindurch geleistet werden.\u00bb<\/p>\n<p class=\"MsoPlainText\">&nbsp;<\/p>\n<p class=\"MsoPlainText\">Die Synode des Kirchenkreises habe sich bereits vor einem Jahr entschieden, das Haus zu schlie\u00dfen, sagte Superintendentin Eva Hadem. Doch dem Kirchenkreis fehlten schlicht die Mittel, den Fortbestand der Einrichtung weiter zu garantieren. Die Bildungsst\u00e4tte sei zuletzt mehrheitlich von Gruppen und Schulklassen aus ganz Niedersachsen genutzt worden.<\/p>\n<p class=\"MsoPlainText\">&nbsp;<\/p>\n<p class=\"MsoPlainText\">Seit 1929 wurde Asel den Angaben zufolge f\u00fcr die evangelische Jugendarbeit genutzt. 1938 verboten die Nazis kirchliche Freizeiten. Erst nach dem Zweiten Weltkrieg habe die Bildungsarbeit in Tr\u00e4gerschaft der Kirchengemeinde wieder Fahrt aufgenommen. Nach Um- und Neubauten habe das \u00abJugend- und Freizeitheim Asel\u00bb im April 1964 offiziell seine Pforten ge\u00f6ffnet. 1973 \u00fcbernahm der Kirchenkreis die Tr\u00e4gerschaft.<\/p>\n<p class=\"MsoPlainText\">&nbsp;<\/p>\n<p class=\"MsoPlainText\">Die hannoversche Landeskirche habe sich seit 1994 schrittweise aus der Finanzierung zur\u00fcckzogen und die F\u00f6rderung 2007 praktisch vollst\u00e4ndig eingestellt, hie\u00df es. Durch die Mithilfe aller ostfriesischen Kirchenkreise habe die Einrichtung aber weiter bestehen k\u00f6nnen. 2017 sei die Bildungsst\u00e4tte dann endg\u00fcltig vom Pfarramt Asel gel\u00f6st und mit Bildungsreferenten fachkundig neu aufgestellt worden. Doch trotz der konzeptionellen Weiterentwicklung habe die Pandemie alle Bem\u00fchungen f\u00fcr ein \u00dcberleben des Hauses ausgebremst und eine Schlie\u00dfung unumg\u00e4nglich gemacht.<\/p>\n<p>Kirche-Oldenburg<br \/>\n<a href=\"https:\/\/www.kirche-oldenburg.de\/\/aktuell\/news-niedersachsen\/artikel\/kirche-schliesst-jugendbildungsstaette-asel-zum-jahresende\" target=\"_blank\" rel=\"noopener\">Kirche schlie\u00dft Jugendbildungsst\u00e4tte Asel zum Jahresende<\/a><\/p>\n","protected":false},"excerpt":{"rendered":"<p>Asel\/Kr. Wittmund (epd). Die evangelische Jugendbildungsst\u00e4tte Asel bei Wittmund wird nach mehr als 90 Jahren zum Jahresende schlie\u00dfen. Der Kirchenkreis Harlingerland k\u00f6nne die Tr\u00e4gerschaft aus finanziellen Gr\u00fcnden nicht mehr alleine stemmen, sagte eine Sprecherin des Sprengels Ostfriesland-Ems am Mittwoch dem Evangelischen Pressedienst (epd). Der Kirchenvorstand in Asel stehe jedoch in Verhandlungen mit Interessenten, die das Areal weiter f\u00fcr die Bildungsarbeit nutzen wollten. &nbsp; Regionalbischof Detlef Klahr werde am Sonnabend (19. November) die Mitarbeitenden mit einem Gottesdienst in der Aseler St.-Dionysius-Kirche offiziell verabschieden. Sie h\u00e4tten \u00abzum Teil \u00fcber Jahrzehnte herausragende Arbeit mit einem engen Finanzrahmen geleistet\u00bb, sagte Klahr. \u00abNur durch ihr&#8230;<\/p>\n","protected":false},"author":7,"featured_media":0,"comment_status":"false","ping_status":"open","sticky":false,"template":"","format":"standard","meta":{"footnotes":""},"categories":[43],"tags":[44],"class_list":["post-22655","post","type-post","status-publish","format-standard","hentry","category-kirche-oldenburg","tag-kirche-oldenburg"],"_links":{"self":[{"href":"https:\/\/christusnews.de\/site\/wp-json\/wp\/v2\/posts\/22655","targetHints":{"allow":["GET"]}}],"collection":[{"href":"https:\/\/christusnews.de\/site\/wp-json\/wp\/v2\/posts"}],"about":[{"href":"https:\/\/christusnews.de\/site\/wp-json\/wp\/v2\/types\/post"}],"author":[{"embeddable":true,"href":"https:\/\/christusnews.de\/site\/wp-json\/wp\/v2\/users\/7"}],"replies":[{"embeddable":true,"href":"https:\/\/christusnews.de\/site\/wp-json\/wp\/v2\/comments?post=22655"}],"version-history":[{"count":1,"href":"https:\/\/christusnews.de\/site\/wp-json\/wp\/v2\/posts\/22655\/revisions"}],"predecessor-version":[{"id":22656,"href":"https:\/\/christusnews.de\/site\/wp-json\/wp\/v2\/posts\/22655\/revisions\/22656"}],"wp:attachment":[{"href":"https:\/\/christusnews.de\/site\/wp-json\/wp\/v2\/media?parent=22655"}],"wp:term":[{"taxonomy":"category","embeddable":true,"href":"https:\/\/christusnews.de\/site\/wp-json\/wp\/v2\/categories?post=22655"},{"taxonomy":"post_tag","embeddable":true,"href":"https:\/\/christusnews.de\/site\/wp-json\/wp\/v2\/tags?post=22655"}],"curies":[{"name":"wp","href":"https:\/\/api.w.org\/{rel}","templated":true}]}}