{"id":22659,"date":"2022-11-17T10:23:46","date_gmt":"2022-11-17T09:23:46","guid":{"rendered":"https:\/\/christusnews.de\/site\/herbsttagung-der-synode-der-oldenburgischen-kirche-eroeffnet-2\/"},"modified":"2022-11-17T22:17:33","modified_gmt":"2022-11-17T21:17:33","slug":"herbsttagung-der-synode-der-oldenburgischen-kirche-eroeffnet-2","status":"publish","type":"post","link":"https:\/\/christusnews.de\/site\/herbsttagung-der-synode-der-oldenburgischen-kirche-eroeffnet-2\/","title":{"rendered":"Herbsttagung der Synode der oldenburgischen Kirche er\u00f6ffnet"},"content":{"rendered":"<p>Mit einem Abendmahlsgottesdienst in der St.-Ulrichs-Kirche in Rastede wurde am Donnerstagmorgen die 6. Tagung der 49. Synode der Ev.-Luth. Kirche in Oldenburg er\u00f6ffnet. In seiner Predigt betonte Kreispfarrer Lars Dede, dass es der Auftrag der Kirche sei, daran zu erinnern, dass Frieden entstehe, wenn die Logik von St\u00e4rke und Schw\u00e4che durchbrochen werde und nicht der St\u00e4rkere den Schw\u00e4cheren niederringe. \u201eDeswegen setzen wir uns f\u00fcr die Menschen in der Ukraine ein\u201c, so Dede. Und gleichzeitig hielten die Kirchen daran fest, \u201edass Gott den Frieden will.\u201c Zum Frieden geh\u00f6re immer auch Gerechtigkeit.&nbsp;<\/p>\n<p>Die Synode wird sich schwerpunktm\u00e4\u00dfig mit dem Haushalt f\u00fcr das kommende Jahr 2023 besch\u00e4ftigen.&nbsp;<br \/>\nDar\u00fcber hinaus wird die Synode das Kirchengesetz \u00fcber die Bildung der Gemeindekirchenr\u00e4te beraten, das die Grundlage bilden wird f\u00fcr die Wahl der Gemeindekirchenr\u00e4te in den 116 Kirchengemeinden der oldenburgischen Kirche am 10. M\u00e4rz 2024.<\/p>\n<p>Auf der Tagesordnung stehen weiterhin der \u201eBericht des Bischofs\u201c sowie verschiedene Gesetzesvorlagen und zahlreiche Berichte aus Synodenaussch\u00fcssen und Arbeitsbereichen.&nbsp;<\/p>\n<p>Die rund 60 Synodalen sowie G\u00e4ste und Mitarbeitende der oldenburgischen Kirche tagen am 17. und 18. November im Evangelischen Bildungshaus Rastede. Die Verhandlungen der Synode k\u00f6nnen im Live-Stream verfolgt werden, der unter dem Kurzlink: kirche-oldenburg.de\/synode\/live (www.kirche-oldenburg.de\/synode\/live) angeboten wird.<\/p>\n<p><a href=\"\/\/page?uid=23031\">Aktuelle Berichte und Fotos zur Synodentagung in Rastede finden Sie hier.<\/a><\/p>\n<p>Kirche-Oldenburg<br \/>\n<a href=\"https:\/\/www.kirche-oldenburg.de\/\/kirche-gemeinden\/synode\/6\/49-synode\" target=\"_blank\" rel=\"noopener\">Herbsttagung der Synode der oldenburgischen Kirche er\u00f6ffnet<\/a><\/p>\n","protected":false},"excerpt":{"rendered":"<p>Mit einem Abendmahlsgottesdienst in der St.-Ulrichs-Kirche in Rastede wurde am Donnerstagmorgen die 6. Tagung der 49. Synode der Ev.-Luth. Kirche in Oldenburg er\u00f6ffnet. In seiner Predigt betonte Kreispfarrer Lars Dede, dass es der Auftrag der Kirche sei, daran zu erinnern, dass Frieden entstehe, wenn die Logik von St\u00e4rke und Schw\u00e4che durchbrochen werde und nicht der St\u00e4rkere den Schw\u00e4cheren niederringe. \u201eDeswegen setzen wir uns f\u00fcr die Menschen in der Ukraine ein\u201c, so Dede. Und gleichzeitig hielten die Kirchen daran fest, \u201edass Gott den Frieden will.\u201c Zum Frieden geh\u00f6re immer auch Gerechtigkeit.&nbsp; Die Synode wird sich schwerpunktm\u00e4\u00dfig mit dem Haushalt f\u00fcr das&#8230;<\/p>\n","protected":false},"author":7,"featured_media":0,"comment_status":"false","ping_status":"open","sticky":false,"template":"","format":"standard","meta":{"footnotes":""},"categories":[43],"tags":[44],"class_list":["post-22659","post","type-post","status-publish","format-standard","hentry","category-kirche-oldenburg","tag-kirche-oldenburg"],"_links":{"self":[{"href":"https:\/\/christusnews.de\/site\/wp-json\/wp\/v2\/posts\/22659","targetHints":{"allow":["GET"]}}],"collection":[{"href":"https:\/\/christusnews.de\/site\/wp-json\/wp\/v2\/posts"}],"about":[{"href":"https:\/\/christusnews.de\/site\/wp-json\/wp\/v2\/types\/post"}],"author":[{"embeddable":true,"href":"https:\/\/christusnews.de\/site\/wp-json\/wp\/v2\/users\/7"}],"replies":[{"embeddable":true,"href":"https:\/\/christusnews.de\/site\/wp-json\/wp\/v2\/comments?post=22659"}],"version-history":[{"count":1,"href":"https:\/\/christusnews.de\/site\/wp-json\/wp\/v2\/posts\/22659\/revisions"}],"predecessor-version":[{"id":22660,"href":"https:\/\/christusnews.de\/site\/wp-json\/wp\/v2\/posts\/22659\/revisions\/22660"}],"wp:attachment":[{"href":"https:\/\/christusnews.de\/site\/wp-json\/wp\/v2\/media?parent=22659"}],"wp:term":[{"taxonomy":"category","embeddable":true,"href":"https:\/\/christusnews.de\/site\/wp-json\/wp\/v2\/categories?post=22659"},{"taxonomy":"post_tag","embeddable":true,"href":"https:\/\/christusnews.de\/site\/wp-json\/wp\/v2\/tags?post=22659"}],"curies":[{"name":"wp","href":"https:\/\/api.w.org\/{rel}","templated":true}]}}