{"id":22670,"date":"2022-11-15T14:13:33","date_gmt":"2022-11-15T13:13:33","guid":{"rendered":"https:\/\/christusnews.de\/site\/?p=22670"},"modified":"2022-11-18T14:14:15","modified_gmt":"2022-11-18T13:14:15","slug":"nebel-2","status":"publish","type":"post","link":"https:\/\/christusnews.de\/site\/nebel-2\/","title":{"rendered":"Nebel"},"content":{"rendered":"\n<p>&#8220;Und aus den Wiesen steiget der wei\u00dfe Nebel wunderbar&#8221;. Am Sonntagmorgen musste ich an diese Zeile des Liedes &#8220;Der Mond ist aufgegangen&#8221; denken. Der wei\u00dfe Nebel kann auch morgens wunderbar aus den Wiesen steigen. Glei\u00dfendes Sonnenlicht lag \u00fcber dem reifbedeckten Gras, ein wundersch\u00f6ner Wintermorgen. Handschuhe w\u00e4ren gut gewesen. Meine Begleitung war da besser f\u00fcrs Radfahren vorbereitet als ich. Aber die Sonne gewinnt ja noch an Kraft, je l\u00e4nger sie den Tag erhellt.. So oft fahre ich dieselben Wege, aber das Land um mich herum beeindruckt mich immer wieder mit neuen Farben und Stimmungen. Das bringt mich zum Summen und Singen, wenn ich etwas entdecke, dass ich vorher so noch nie gesehen habe. &#8220;So sind wohl manche Sachen, die wir getrost belachen, weil unsre Augen sie nicht sehn&#8221;. Sch\u00f6n, dass es so viele<\/p>\n\n\n\n<p><\/p>\n\n\n\n<blockquote class=\"wp-block-quote is-layout-flow wp-block-quote-is-layout-flow\">\n<p><strong>Natascha Faull \/ Pastorin im Stadtnorden Wilhelmshavens<\/strong><br>H<em>\u00f6ren Sie diesen Beitrag bei Radio Jade:<\/em><br><a rel=\"noreferrer noopener\" href=\"http:\/\/www.radio-jade.de\/mediathek\/angedacht\/\" target=\"_blank\"><em>Alle Beitr\u00e4ge im \u00dcberblick | RADIO JADE<\/em><\/a><\/p>\n<\/blockquote>\n","protected":false},"excerpt":{"rendered":"<p>&#8220;Und aus den Wiesen steiget der wei\u00dfe Nebel wunderbar&#8221;. Am Sonntagmorgen musste ich an diese Zeile des Liedes &#8220;Der Mond ist aufgegangen&#8221; denken. Der wei\u00dfe Nebel kann auch morgens wunderbar aus den Wiesen steigen. Glei\u00dfendes Sonnenlicht lag \u00fcber dem reifbedeckten Gras, ein wundersch\u00f6ner Wintermorgen. Handschuhe w\u00e4ren gut gewesen. Meine Begleitung war da besser f\u00fcrs Radfahren vorbereitet als ich. Aber die Sonne gewinnt ja noch an Kraft, je l\u00e4nger sie den Tag erhellt.. So oft fahre ich dieselben Wege, aber das Land um mich herum beeindruckt mich immer wieder mit neuen Farben und Stimmungen. Das bringt mich zum Summen und Singen,&#8230;<\/p>\n","protected":false},"author":6,"featured_media":1171,"comment_status":"closed","ping_status":"open","sticky":false,"template":"","format":"standard","meta":{"footnotes":""},"categories":[5],"tags":[],"class_list":["post-22670","post","type-post","status-publish","format-standard","has-post-thumbnail","hentry","category-angedacht"],"_links":{"self":[{"href":"https:\/\/christusnews.de\/site\/wp-json\/wp\/v2\/posts\/22670","targetHints":{"allow":["GET"]}}],"collection":[{"href":"https:\/\/christusnews.de\/site\/wp-json\/wp\/v2\/posts"}],"about":[{"href":"https:\/\/christusnews.de\/site\/wp-json\/wp\/v2\/types\/post"}],"author":[{"embeddable":true,"href":"https:\/\/christusnews.de\/site\/wp-json\/wp\/v2\/users\/6"}],"replies":[{"embeddable":true,"href":"https:\/\/christusnews.de\/site\/wp-json\/wp\/v2\/comments?post=22670"}],"version-history":[{"count":1,"href":"https:\/\/christusnews.de\/site\/wp-json\/wp\/v2\/posts\/22670\/revisions"}],"predecessor-version":[{"id":22671,"href":"https:\/\/christusnews.de\/site\/wp-json\/wp\/v2\/posts\/22670\/revisions\/22671"}],"wp:featuredmedia":[{"embeddable":true,"href":"https:\/\/christusnews.de\/site\/wp-json\/wp\/v2\/media\/1171"}],"wp:attachment":[{"href":"https:\/\/christusnews.de\/site\/wp-json\/wp\/v2\/media?parent=22670"}],"wp:term":[{"taxonomy":"category","embeddable":true,"href":"https:\/\/christusnews.de\/site\/wp-json\/wp\/v2\/categories?post=22670"},{"taxonomy":"post_tag","embeddable":true,"href":"https:\/\/christusnews.de\/site\/wp-json\/wp\/v2\/tags?post=22670"}],"curies":[{"name":"wp","href":"https:\/\/api.w.org\/{rel}","templated":true}]}}