{"id":22677,"date":"2022-11-17T14:16:40","date_gmt":"2022-11-17T13:16:40","guid":{"rendered":"https:\/\/christusnews.de\/site\/?p=22677"},"modified":"2022-11-18T14:17:17","modified_gmt":"2022-11-18T13:17:17","slug":"buessen-und-beten","status":"publish","type":"post","link":"https:\/\/christusnews.de\/site\/buessen-und-beten\/","title":{"rendered":"B\u00fc\u00dfen und Beten"},"content":{"rendered":"\n<p>Haben Sie gestern geb\u00fc\u00dft und gebetet? Der Bu\u00df- und Bettag ist etwas in Vergessenheit geraten, seit er in allen Bundesl\u00e4ndern au\u00dfer Sachsen kein Feiertag mehr ist. Tanzverbote gibt es hier und dort f\u00fcr diesen Tag immer noch, aber schon die Frage, wann soll man den Gottesdienst am Bu\u00df- und Bettag stattfinden lassen, stellt die evangelischen Gemeinden vor Probleme\u00a0 Morgens wenn nur Rentner Zeit haben oder abends, wenn es dunkel ist und die Menschen m\u00fcde von der Arbeit kommen? Zum B\u00fc\u00dfen und Beten kann man sich auch au\u00dferhalb dieses Tages Zeit nehmen. Mal dar\u00fcber nachzudenken, was in meinem Leben ich bereue und was ich \u00e4ndern m\u00f6chte, und dann daf\u00fcr zu beten, das hilft! Jeden Tag!<\/p>\n\n\n\n<p><\/p>\n\n\n\n<blockquote class=\"wp-block-quote is-layout-flow wp-block-quote-is-layout-flow\">\n<p><strong>Natascha Faull \/ Pastorin im Stadtnorden Wilhelmshavens<\/strong><br>H<em>\u00f6ren Sie diesen Beitrag bei Radio Jade:<\/em><br><a rel=\"noreferrer noopener\" href=\"http:\/\/www.radio-jade.de\/mediathek\/angedacht\/\" target=\"_blank\"><em>Alle Beitr\u00e4ge im \u00dcberblick | RADIO JADE<\/em><\/a><\/p>\n<\/blockquote>\n","protected":false},"excerpt":{"rendered":"<p>Haben Sie gestern geb\u00fc\u00dft und gebetet? Der Bu\u00df- und Bettag ist etwas in Vergessenheit geraten, seit er in allen Bundesl\u00e4ndern au\u00dfer Sachsen kein Feiertag mehr ist. Tanzverbote gibt es hier und dort f\u00fcr diesen Tag immer noch, aber schon die Frage, wann soll man den Gottesdienst am Bu\u00df- und Bettag stattfinden lassen, stellt die evangelischen Gemeinden vor Probleme\u00a0 Morgens wenn nur Rentner Zeit haben oder abends, wenn es dunkel ist und die Menschen m\u00fcde von der Arbeit kommen? Zum B\u00fc\u00dfen und Beten kann man sich auch au\u00dferhalb dieses Tages Zeit nehmen. Mal dar\u00fcber nachzudenken, was in meinem Leben ich bereue&#8230;<\/p>\n","protected":false},"author":6,"featured_media":1171,"comment_status":"closed","ping_status":"open","sticky":false,"template":"","format":"standard","meta":{"footnotes":""},"categories":[5],"tags":[],"class_list":["post-22677","post","type-post","status-publish","format-standard","has-post-thumbnail","hentry","category-angedacht"],"_links":{"self":[{"href":"https:\/\/christusnews.de\/site\/wp-json\/wp\/v2\/posts\/22677","targetHints":{"allow":["GET"]}}],"collection":[{"href":"https:\/\/christusnews.de\/site\/wp-json\/wp\/v2\/posts"}],"about":[{"href":"https:\/\/christusnews.de\/site\/wp-json\/wp\/v2\/types\/post"}],"author":[{"embeddable":true,"href":"https:\/\/christusnews.de\/site\/wp-json\/wp\/v2\/users\/6"}],"replies":[{"embeddable":true,"href":"https:\/\/christusnews.de\/site\/wp-json\/wp\/v2\/comments?post=22677"}],"version-history":[{"count":1,"href":"https:\/\/christusnews.de\/site\/wp-json\/wp\/v2\/posts\/22677\/revisions"}],"predecessor-version":[{"id":22678,"href":"https:\/\/christusnews.de\/site\/wp-json\/wp\/v2\/posts\/22677\/revisions\/22678"}],"wp:featuredmedia":[{"embeddable":true,"href":"https:\/\/christusnews.de\/site\/wp-json\/wp\/v2\/media\/1171"}],"wp:attachment":[{"href":"https:\/\/christusnews.de\/site\/wp-json\/wp\/v2\/media?parent=22677"}],"wp:term":[{"taxonomy":"category","embeddable":true,"href":"https:\/\/christusnews.de\/site\/wp-json\/wp\/v2\/categories?post=22677"},{"taxonomy":"post_tag","embeddable":true,"href":"https:\/\/christusnews.de\/site\/wp-json\/wp\/v2\/tags?post=22677"}],"curies":[{"name":"wp","href":"https:\/\/api.w.org\/{rel}","templated":true}]}}