{"id":22696,"date":"2022-11-20T07:10:00","date_gmt":"2022-11-20T06:10:00","guid":{"rendered":"https:\/\/christusnews.de\/site\/bundespraesident-eroeffnet-neu-gestaltetes-haus-der-religionen\/"},"modified":"2022-11-21T10:17:32","modified_gmt":"2022-11-21T09:17:32","slug":"bundespraesident-eroeffnet-neu-gestaltetes-haus-der-religionen","status":"publish","type":"post","link":"https:\/\/christusnews.de\/site\/bundespraesident-eroeffnet-neu-gestaltetes-haus-der-religionen\/","title":{"rendered":"Bundespr\u00e4sident er\u00f6ffnet neu gestaltetes \u00abHaus der Religionen\u00bb"},"content":{"rendered":"<p>Hannover (epd). Bundespr\u00e4sident Frank-Walter Steinmeier er\u00f6ffnet morgen (Montag) die neu gestalteten R\u00e4ume des \u00abHaus der Religionen\u00bb in Hannover. Die Einrichtung ist das erste und bisher einzige Zentrum f\u00fcr interreligi\u00f6se und interkulturelle Bildung in Deutschland, das von Vertretern aller gro\u00dfen Weltreligionen getragen wird. Sie ist seit vielen Jahren in einem fr\u00fcheren Kirchengeb\u00e4ude ans\u00e4ssig. Durch einen Umbau der Kirche hat sich die Fl\u00e4che der Bildungsst\u00e4tte in diesem Jahr verzehnfacht. Auch Niedersachsens Ministerpr\u00e4sident Stephan Weil (SPD) wird zu der Neuer\u00f6ffnung erwartet.<\/p>\n<p>\nIn den neuen R\u00e4umen stellen sich unter anderem die Gemeinschaften der Christen, Juden und Muslime, der Hindus, Buddhisten und Bahai sowie der Aleviten, Jesiden und Humanisten in einer neu gestalteten Ausstellung vor. Ihr Ziel ist, Verst\u00e4ndnis f\u00fcr andere Religionen und Weltanschauungen zu entwickeln. In den neuen R\u00e4umen wird k\u00fcnftig auch der Bundeskongress der R\u00e4te der Religionen seinen Sitz haben. Vor der Neuer\u00f6ffnung nimmt Steinmeier an der Ordination von f\u00fcnf Rabbinern in der Synagoge der J\u00fcdischen Gemeinde Hannover teil.<\/p>\n<p>Kirche-Oldenburg<br \/>\n<a href=\"https:\/\/www.kirche-oldenburg.de\/\/aktuell\/news-niedersachsen\/artikel\/bundespraesident-eroeffnet-neu-gestaltetes-haus-der-religionen\" target=\"_blank\" rel=\"noopener\">Bundespr\u00e4sident er\u00f6ffnet neu gestaltetes \u00abHaus der Religionen\u00bb<\/a><\/p>\n","protected":false},"excerpt":{"rendered":"<p>Hannover (epd). Bundespr\u00e4sident Frank-Walter Steinmeier er\u00f6ffnet morgen (Montag) die neu gestalteten R\u00e4ume des \u00abHaus der Religionen\u00bb in Hannover. Die Einrichtung ist das erste und bisher einzige Zentrum f\u00fcr interreligi\u00f6se und interkulturelle Bildung in Deutschland, das von Vertretern aller gro\u00dfen Weltreligionen getragen wird. Sie ist seit vielen Jahren in einem fr\u00fcheren Kirchengeb\u00e4ude ans\u00e4ssig. Durch einen Umbau der Kirche hat sich die Fl\u00e4che der Bildungsst\u00e4tte in diesem Jahr verzehnfacht. Auch Niedersachsens Ministerpr\u00e4sident Stephan Weil (SPD) wird zu der Neuer\u00f6ffnung erwartet. In den neuen R\u00e4umen stellen sich unter anderem die Gemeinschaften der Christen, Juden und Muslime, der Hindus, Buddhisten und Bahai sowie der&#8230;<\/p>\n","protected":false},"author":7,"featured_media":0,"comment_status":"false","ping_status":"open","sticky":false,"template":"","format":"standard","meta":{"footnotes":""},"categories":[43],"tags":[44],"class_list":["post-22696","post","type-post","status-publish","format-standard","hentry","category-kirche-oldenburg","tag-kirche-oldenburg"],"_links":{"self":[{"href":"https:\/\/christusnews.de\/site\/wp-json\/wp\/v2\/posts\/22696","targetHints":{"allow":["GET"]}}],"collection":[{"href":"https:\/\/christusnews.de\/site\/wp-json\/wp\/v2\/posts"}],"about":[{"href":"https:\/\/christusnews.de\/site\/wp-json\/wp\/v2\/types\/post"}],"author":[{"embeddable":true,"href":"https:\/\/christusnews.de\/site\/wp-json\/wp\/v2\/users\/7"}],"replies":[{"embeddable":true,"href":"https:\/\/christusnews.de\/site\/wp-json\/wp\/v2\/comments?post=22696"}],"version-history":[{"count":1,"href":"https:\/\/christusnews.de\/site\/wp-json\/wp\/v2\/posts\/22696\/revisions"}],"predecessor-version":[{"id":22697,"href":"https:\/\/christusnews.de\/site\/wp-json\/wp\/v2\/posts\/22696\/revisions\/22697"}],"wp:attachment":[{"href":"https:\/\/christusnews.de\/site\/wp-json\/wp\/v2\/media?parent=22696"}],"wp:term":[{"taxonomy":"category","embeddable":true,"href":"https:\/\/christusnews.de\/site\/wp-json\/wp\/v2\/categories?post=22696"},{"taxonomy":"post_tag","embeddable":true,"href":"https:\/\/christusnews.de\/site\/wp-json\/wp\/v2\/tags?post=22696"}],"curies":[{"name":"wp","href":"https:\/\/api.w.org\/{rel}","templated":true}]}}