{"id":22702,"date":"2022-11-21T07:11:00","date_gmt":"2022-11-21T06:11:00","guid":{"rendered":"https:\/\/christusnews.de\/site\/ver-di-kritisiert-zweite-verlaengerung-der-kita-notverordnung\/"},"modified":"2022-11-22T10:17:31","modified_gmt":"2022-11-22T09:17:31","slug":"ver-di-kritisiert-zweite-verlaengerung-der-kita-notverordnung","status":"publish","type":"post","link":"https:\/\/christusnews.de\/site\/ver-di-kritisiert-zweite-verlaengerung-der-kita-notverordnung\/","title":{"rendered":"ver.di kritisiert zweite Verl\u00e4ngerung der Kita-Notverordnung"},"content":{"rendered":"<p>Hannover (epd). Die Gewerkschaft ver.di h\u00e4lt nichts von der geplanten Verl\u00e4ngerung der Kita-Notverordnung in Niedersachsen. Die Verl\u00e4ngerung bedeute eine nicht akzeptable Mehrbelastung der Besch\u00e4ftigten, teilte ver.di am Montag mit. Die anl\u00e4sslich des Fl\u00fcchtlingszustroms im April beschlossene Regelung erlaubt Kitas, mehr Betreuungspl\u00e4tze anzubieten, etwa durch die Vergr\u00f6\u00dferung von Gruppen.<\/p>\n<p>\nUrspr\u00fcnglich sollte die Norverordnung bis zum 31. Juli gelten. Im Sommer wurde sie auf den 31. Dezember verl\u00e4ngert. Laut ver.di ist \u00fcber die zweite Verl\u00e4ngerung bereits entschieden. Der formelle Beschluss im Landtag soll am Mittwoch (23. November) folgen. \u00abMit der erneuten Verl\u00e4ngerung best\u00e4tigt sich unsere Bef\u00fcrchtung, dass aus dieser Notverordnung ein Dauerzustand entsteht\u00bb, kritisierte Martin Peter von ver.di.<\/p>\n<p>Kirche-Oldenburg<br \/>\n<a href=\"https:\/\/www.kirche-oldenburg.de\/\/aktuell\/news-niedersachsen\/artikel\/verdi-kritisiert-zweite-verlaengerung-der-kita-notverordnung\" target=\"_blank\" rel=\"noopener\">ver.di kritisiert zweite Verl\u00e4ngerung der Kita-Notverordnung<\/a><\/p>\n","protected":false},"excerpt":{"rendered":"<p>Hannover (epd). Die Gewerkschaft ver.di h\u00e4lt nichts von der geplanten Verl\u00e4ngerung der Kita-Notverordnung in Niedersachsen. Die Verl\u00e4ngerung bedeute eine nicht akzeptable Mehrbelastung der Besch\u00e4ftigten, teilte ver.di am Montag mit. Die anl\u00e4sslich des Fl\u00fcchtlingszustroms im April beschlossene Regelung erlaubt Kitas, mehr Betreuungspl\u00e4tze anzubieten, etwa durch die Vergr\u00f6\u00dferung von Gruppen. Urspr\u00fcnglich sollte die Norverordnung bis zum 31. Juli gelten. Im Sommer wurde sie auf den 31. Dezember verl\u00e4ngert. Laut ver.di ist \u00fcber die zweite Verl\u00e4ngerung bereits entschieden. Der formelle Beschluss im Landtag soll am Mittwoch (23. November) folgen. \u00abMit der erneuten Verl\u00e4ngerung best\u00e4tigt sich unsere Bef\u00fcrchtung, dass aus dieser Notverordnung ein Dauerzustand&#8230;<\/p>\n","protected":false},"author":7,"featured_media":0,"comment_status":"false","ping_status":"open","sticky":false,"template":"","format":"standard","meta":{"footnotes":""},"categories":[43],"tags":[44],"class_list":["post-22702","post","type-post","status-publish","format-standard","hentry","category-kirche-oldenburg","tag-kirche-oldenburg"],"_links":{"self":[{"href":"https:\/\/christusnews.de\/site\/wp-json\/wp\/v2\/posts\/22702","targetHints":{"allow":["GET"]}}],"collection":[{"href":"https:\/\/christusnews.de\/site\/wp-json\/wp\/v2\/posts"}],"about":[{"href":"https:\/\/christusnews.de\/site\/wp-json\/wp\/v2\/types\/post"}],"author":[{"embeddable":true,"href":"https:\/\/christusnews.de\/site\/wp-json\/wp\/v2\/users\/7"}],"replies":[{"embeddable":true,"href":"https:\/\/christusnews.de\/site\/wp-json\/wp\/v2\/comments?post=22702"}],"version-history":[{"count":1,"href":"https:\/\/christusnews.de\/site\/wp-json\/wp\/v2\/posts\/22702\/revisions"}],"predecessor-version":[{"id":22703,"href":"https:\/\/christusnews.de\/site\/wp-json\/wp\/v2\/posts\/22702\/revisions\/22703"}],"wp:attachment":[{"href":"https:\/\/christusnews.de\/site\/wp-json\/wp\/v2\/media?parent=22702"}],"wp:term":[{"taxonomy":"category","embeddable":true,"href":"https:\/\/christusnews.de\/site\/wp-json\/wp\/v2\/categories?post=22702"},{"taxonomy":"post_tag","embeddable":true,"href":"https:\/\/christusnews.de\/site\/wp-json\/wp\/v2\/tags?post=22702"}],"curies":[{"name":"wp","href":"https:\/\/api.w.org\/{rel}","templated":true}]}}