{"id":22729,"date":"2022-11-22T07:24:00","date_gmt":"2022-11-22T06:24:00","guid":{"rendered":"https:\/\/christusnews.de\/site\/niedersachsen-verlaengert-absonderungspflicht-fuer-corona-infizierte\/"},"modified":"2022-11-23T10:17:21","modified_gmt":"2022-11-23T09:17:21","slug":"niedersachsen-verlaengert-absonderungspflicht-fuer-corona-infizierte","status":"publish","type":"post","link":"https:\/\/christusnews.de\/site\/niedersachsen-verlaengert-absonderungspflicht-fuer-corona-infizierte\/","title":{"rendered":"Niedersachsen verl\u00e4ngert Absonderungspflicht f\u00fcr Corona-Infizierte"},"content":{"rendered":"<p>Hannover (epd). Das Nieders\u00e4chsische Gesundheitsministerium hat die geltende Absonderungsverordnung f\u00fcr Corona-Infizierte bis einschlie\u00dflich 31. Januar 2023 verl\u00e4ngert. Damit m\u00fcssen Nieders\u00e4chsinnen und Niedersachsen, die ein positives Covid-Schnelltestergebnis erhalten, dieses auch weiterhin mittels eines PCR-Tests best\u00e4tigen lassen, teilte das Ministerium am Dienstag in Hannover mit. Im Falle einer Infektion m\u00fcssen sie sich f\u00fcr mindestens f\u00fcnf Tage in h\u00e4usliche Isolation begeben.<\/p>\n<p>\nUnmittelbar vor Beginn des Winters und m\u00f6glicherweise weiteren bevorstehenden Infektionswellen werde Niedersachsen kein unn\u00f6tiges Risiko eingehen und die wenigen geltenden Basisschutzma\u00dfnahmen weiter aufrechterhalten, sagte Gesundheitsministerin Daniela Behrens (SPD). \u00abHier gilt daher weiter: Wer mit Covid infiziert ist, bleibt zuhause.\u00bb Es gebe derzeit auch keine Pl\u00e4ne, die Maskenpflicht im \u00d6PNV abzuschaffen.<\/p>\n<p>Kirche-Oldenburg<br \/>\n<a href=\"https:\/\/www.kirche-oldenburg.de\/\/aktuell\/news-niedersachsen\/artikel\/niedersachsen-verlaengert-absonderungspflicht-fuer-corona-infizierte\" target=\"_blank\" rel=\"noopener\">Niedersachsen verl\u00e4ngert Absonderungspflicht f\u00fcr Corona-Infizierte<\/a><\/p>\n","protected":false},"excerpt":{"rendered":"<p>Hannover (epd). Das Nieders\u00e4chsische Gesundheitsministerium hat die geltende Absonderungsverordnung f\u00fcr Corona-Infizierte bis einschlie\u00dflich 31. Januar 2023 verl\u00e4ngert. Damit m\u00fcssen Nieders\u00e4chsinnen und Niedersachsen, die ein positives Covid-Schnelltestergebnis erhalten, dieses auch weiterhin mittels eines PCR-Tests best\u00e4tigen lassen, teilte das Ministerium am Dienstag in Hannover mit. Im Falle einer Infektion m\u00fcssen sie sich f\u00fcr mindestens f\u00fcnf Tage in h\u00e4usliche Isolation begeben. Unmittelbar vor Beginn des Winters und m\u00f6glicherweise weiteren bevorstehenden Infektionswellen werde Niedersachsen kein unn\u00f6tiges Risiko eingehen und die wenigen geltenden Basisschutzma\u00dfnahmen weiter aufrechterhalten, sagte Gesundheitsministerin Daniela Behrens (SPD). \u00abHier gilt daher weiter: Wer mit Covid infiziert ist, bleibt zuhause.\u00bb Es gebe derzeit&#8230;<\/p>\n","protected":false},"author":7,"featured_media":0,"comment_status":"false","ping_status":"open","sticky":false,"template":"","format":"standard","meta":{"footnotes":""},"categories":[43],"tags":[44],"class_list":["post-22729","post","type-post","status-publish","format-standard","hentry","category-kirche-oldenburg","tag-kirche-oldenburg"],"_links":{"self":[{"href":"https:\/\/christusnews.de\/site\/wp-json\/wp\/v2\/posts\/22729","targetHints":{"allow":["GET"]}}],"collection":[{"href":"https:\/\/christusnews.de\/site\/wp-json\/wp\/v2\/posts"}],"about":[{"href":"https:\/\/christusnews.de\/site\/wp-json\/wp\/v2\/types\/post"}],"author":[{"embeddable":true,"href":"https:\/\/christusnews.de\/site\/wp-json\/wp\/v2\/users\/7"}],"replies":[{"embeddable":true,"href":"https:\/\/christusnews.de\/site\/wp-json\/wp\/v2\/comments?post=22729"}],"version-history":[{"count":1,"href":"https:\/\/christusnews.de\/site\/wp-json\/wp\/v2\/posts\/22729\/revisions"}],"predecessor-version":[{"id":22730,"href":"https:\/\/christusnews.de\/site\/wp-json\/wp\/v2\/posts\/22729\/revisions\/22730"}],"wp:attachment":[{"href":"https:\/\/christusnews.de\/site\/wp-json\/wp\/v2\/media?parent=22729"}],"wp:term":[{"taxonomy":"category","embeddable":true,"href":"https:\/\/christusnews.de\/site\/wp-json\/wp\/v2\/categories?post=22729"},{"taxonomy":"post_tag","embeddable":true,"href":"https:\/\/christusnews.de\/site\/wp-json\/wp\/v2\/tags?post=22729"}],"curies":[{"name":"wp","href":"https:\/\/api.w.org\/{rel}","templated":true}]}}