{"id":22731,"date":"2022-11-23T16:36:42","date_gmt":"2022-11-23T15:36:42","guid":{"rendered":"https:\/\/christusnews.de\/site\/gemeinsam-in-der-gesellschaft-stehen\/"},"modified":"2022-11-23T22:17:20","modified_gmt":"2022-11-23T21:17:20","slug":"gemeinsam-in-der-gesellschaft-stehen","status":"publish","type":"post","link":"https:\/\/christusnews.de\/site\/gemeinsam-in-der-gesellschaft-stehen\/","title":{"rendered":"\u201eGemeinsam in der Gesellschaft stehen\u201c"},"content":{"rendered":"<p>Die gro\u00dfen Kirchen im Oldenburger Land werden in den kommenden Jahren und Jahrzehnten in vielen Bereichen noch st\u00e4rker zusammenarbeiten \u2013 das war einer der zentralen Gedanken, die der evangelisch-lutherische Bischof Thomas Adomeit und Weihbischof Wilfried Theising f\u00fcr die katholische Kirche im Oldenburger Land am Dienstagabend, 22. November, im Forum St. Peter in Oldenburg betonten. Der Einladung katholischer Verb\u00e4nde (KKV, Kolping und KAB) sowie der evangelischen und katholischen Erwachsenenbildung waren etwa 120 interessierte Zuh\u00f6rerinnen und Zuh\u00f6rer gefolgt. Die \u00dcberschrift des Abends: \u201eGemeinsame Wege aus der Krise. Eine \u00f6kumenische Diskussion und Analyse\u201c, die Moderation hatte der Journalist J\u00fcrgen Westerhoff.<\/p>\n<p>Zentrale Herausforderung f\u00fcr beide Kirchen sei die Frage, wie man in Zeiten schwindender Bindungskr\u00e4fte von Institutionen, von Glaubensschwund und Individualisierung weiter anschlussf\u00e4hig f\u00fcr die Gesellschaft und einzelne Menschen bleiben k\u00f6nne. Durch den \u201eFachkr\u00e4ftemangel\u201c drohe, dass der Abstand zwischen Pfarrerinnen und Pfarrern einerseits und den Gemeindegliedern andererseits immer gr\u00f6\u00dfer werde \u2013 und die Beziehung irgendwann abbreche, analysierte Bischof Adomeit. Weihbischof Theising betonte, die Kirchen m\u00fcssten in \u201eden pastoralen Diensten einfach gut sein\u201c, m\u00fcssten \u201eansprechbar\u201c sein. Daneben bleibe die Kindertaufe zentral f\u00fcr die Aufnahme von Kirchenmitgliedern, so der katholische Geistliche.<\/p>\n<p>Zentral f\u00fcr die Zukunft der Kirchen ist in den Augen beider Bisch\u00f6fe die Frage, wie junge Familien weiterhin und noch st\u00e4rker erreicht werden k\u00f6nnen. Bischof Adomeit betonte, man m\u00fcsse \u201eKontaktfl\u00e4chen ausbauen\u201c. Weihbischof Theising hob die gro\u00dfe Bedeutung der kirchlichen Kinderg\u00e4rten f\u00fcr die Begegnung von Kirchen und Familien hervor. Daneben sei die Arbeit von Diakonie und Caritas von gro\u00dfer Bedeutung: Dort bleibe \u201edie christliche Botschaft nicht theoretisch, sondern wird konkret greifbar\u201c.&nbsp;<\/p>\n<p>Beide Bisch\u00f6fe betonten, dass die beiden gro\u00dfen Kirchen in den kommenden Jahren und Jahrzehnten n\u00e4her zusammenr\u00fccken werden. Bischof Adomeit brachte die Idee der gemeinsamen Nutzung kirchlicher R\u00e4ume wie Pfarrheime ins Spiel. Weihbischof Theising betonte, die christlichen Kirchen sollten auch im politischen Raum st\u00e4rker zusammenarbeiten, um in einer zunehmend s\u00e4kularisierten Gesellschaft weiterhin Geh\u00f6r zu finden, etwa bei ethischen Fragestellungen. Bischof Adomeit best\u00e4tigte das zum Abschluss der zweieinhalbst\u00fcndigen Veranstaltung: \u201eWir wollen gemeinsam in der Gesellschaft stehen. Gemeinsam.\u201c<br \/>\n&nbsp;<\/p>\n<p>Kirche-Oldenburg<br \/>\n<a href=\"https:\/\/www.kirche-oldenburg.de\/\/aktuell\/pressemitteilungen\/artikel\/gemeinsam-in-der-gesellschaft-stehen-1\" target=\"_blank\" rel=\"noopener\">\u201eGemeinsam in der Gesellschaft stehen\u201c<\/a><\/p>\n","protected":false},"excerpt":{"rendered":"<p>Die gro\u00dfen Kirchen im Oldenburger Land werden in den kommenden Jahren und Jahrzehnten in vielen Bereichen noch st\u00e4rker zusammenarbeiten \u2013 das war einer der zentralen Gedanken, die der evangelisch-lutherische Bischof Thomas Adomeit und Weihbischof Wilfried Theising f\u00fcr die katholische Kirche im Oldenburger Land am Dienstagabend, 22. November, im Forum St. Peter in Oldenburg betonten. Der Einladung katholischer Verb\u00e4nde (KKV, Kolping und KAB) sowie der evangelischen und katholischen Erwachsenenbildung waren etwa 120 interessierte Zuh\u00f6rerinnen und Zuh\u00f6rer gefolgt. Die \u00dcberschrift des Abends: \u201eGemeinsame Wege aus der Krise. Eine \u00f6kumenische Diskussion und Analyse\u201c, die Moderation hatte der Journalist J\u00fcrgen Westerhoff. Zentrale Herausforderung f\u00fcr&#8230;<\/p>\n","protected":false},"author":7,"featured_media":0,"comment_status":"false","ping_status":"open","sticky":false,"template":"","format":"standard","meta":{"footnotes":""},"categories":[43],"tags":[44],"class_list":["post-22731","post","type-post","status-publish","format-standard","hentry","category-kirche-oldenburg","tag-kirche-oldenburg"],"_links":{"self":[{"href":"https:\/\/christusnews.de\/site\/wp-json\/wp\/v2\/posts\/22731","targetHints":{"allow":["GET"]}}],"collection":[{"href":"https:\/\/christusnews.de\/site\/wp-json\/wp\/v2\/posts"}],"about":[{"href":"https:\/\/christusnews.de\/site\/wp-json\/wp\/v2\/types\/post"}],"author":[{"embeddable":true,"href":"https:\/\/christusnews.de\/site\/wp-json\/wp\/v2\/users\/7"}],"replies":[{"embeddable":true,"href":"https:\/\/christusnews.de\/site\/wp-json\/wp\/v2\/comments?post=22731"}],"version-history":[{"count":1,"href":"https:\/\/christusnews.de\/site\/wp-json\/wp\/v2\/posts\/22731\/revisions"}],"predecessor-version":[{"id":22732,"href":"https:\/\/christusnews.de\/site\/wp-json\/wp\/v2\/posts\/22731\/revisions\/22732"}],"wp:attachment":[{"href":"https:\/\/christusnews.de\/site\/wp-json\/wp\/v2\/media?parent=22731"}],"wp:term":[{"taxonomy":"category","embeddable":true,"href":"https:\/\/christusnews.de\/site\/wp-json\/wp\/v2\/categories?post=22731"},{"taxonomy":"post_tag","embeddable":true,"href":"https:\/\/christusnews.de\/site\/wp-json\/wp\/v2\/tags?post=22731"}],"curies":[{"name":"wp","href":"https:\/\/api.w.org\/{rel}","templated":true}]}}