{"id":22735,"date":"2022-11-23T06:58:00","date_gmt":"2022-11-23T05:58:00","guid":{"rendered":"https:\/\/christusnews.de\/site\/oldenburg-wettergesteuerte-ampel-gibt-radlern-vorfahrt\/"},"modified":"2022-11-24T10:17:28","modified_gmt":"2022-11-24T09:17:28","slug":"oldenburg-wettergesteuerte-ampel-gibt-radlern-vorfahrt","status":"publish","type":"post","link":"https:\/\/christusnews.de\/site\/oldenburg-wettergesteuerte-ampel-gibt-radlern-vorfahrt\/","title":{"rendered":"Oldenburg: Wettergesteuerte Ampel gibt Radlern Vorfahrt"},"content":{"rendered":"<p>Oldenburg (epd). Oldenburg gibt gr\u00fcnes Licht f\u00fcr Fahrr\u00e4der bei schlechtem Wetter: An der Ampelanlage an der Einm\u00fcndung Uhlhornsweg\/Quellenweg erhalten Radlerinnen und Radler bei Schnee und Regen schneller freie Fahrt, unabh\u00e4ngig vom Autoverkehr, wie die Stadtverwaltung am Mittwoch mitteilte. Nach einer Erprobungsphase k\u00f6nne die Technik auch an anderen Stra\u00dfen zum Einsatz kommen. Es sei vermutlich bundesweit erste Ampelanlage dieser Art. In den Niederlanden sei sie h\u00e4ufig im Einsatz.<\/p>\n<p>\nDas Signalprogramm der Ampel werde mit aktuellen Wetterdaten gespeist, hie\u00df es. Schon bei leichtem Regen schalte sich das Programm automatisch ein und gebe Radfahrerinnen und Radfahrern sowie Fu\u00dfg\u00e4ngerinnen und Fu\u00dfg\u00e4ngern nach Anforderung des Signals sofort gr\u00fcnes Licht. Zudem werde der Radverkehr bereits in einer Entfernung von etwa 50 Metern von Detektoren erfasst, um zeitlich passend auf Gr\u00fcn zu schalten. So sei ein Queren der Stra\u00dfe fast ohne Halt m\u00f6glich.<\/p>\n<p>\nAu\u00dferdem werden den Angaben zufolge Radfahrende und Passanten automatisch von einer W\u00e4rmebildkamera registriert, sodass Wartende ebenfalls eine Gr\u00fcnphase ausl\u00f6sen k\u00f6nnen. Bei einem hohen Radverkehrsaufkommen werde die Gr\u00fcnphase zudem um einige Sekunden verl\u00e4ngert. Der Verkehrsingenieur Stefan Brandt warnte jedoch davor, die neue Ampelsteuerung als \u00abFreifahrtschein\u00bb zu verstehen. \u00abAuch bei Gr\u00fcn der Fu\u00dfg\u00e4ngerampel sollte der Querverkehr unbedingt im Blick behalten werden.\u00bb<\/p>\n<p>\nDer Quellenweg ist seit Kurzem die vierte Fahrradstra\u00dfe in Oldenburg. Auf einer Fahrradstra\u00dfe ist die Fahrbahn dem Radverkehr vorbehalten. Andere Fahrzeuge d\u00fcrfen hier nur fahren, wenn ein Zusatzschild dies erlaubt. Der Radverkehr darf nicht gef\u00e4hrdet oder behindert werden, R\u00e4der d\u00fcrfen nebeneinander fahren. Der Autoverkehr muss sich dem Radverkehr anpassen. Die H\u00f6chstgeschwindigkeit ist f\u00fcr alle auf h\u00f6chsten 30 Kilometer pro Stunde begrenzt.<\/p>\n<p>Kirche-Oldenburg<br \/>\n<a href=\"https:\/\/www.kirche-oldenburg.de\/\/aktuell\/news-niedersachsen\/artikel\/oldenburg-wettergesteuerte-ampel-gibt-radlern-vorfahrt\" target=\"_blank\" rel=\"noopener\">Oldenburg: Wettergesteuerte Ampel gibt Radlern Vorfahrt<\/a><\/p>\n","protected":false},"excerpt":{"rendered":"<p>Oldenburg (epd). Oldenburg gibt gr\u00fcnes Licht f\u00fcr Fahrr\u00e4der bei schlechtem Wetter: An der Ampelanlage an der Einm\u00fcndung Uhlhornsweg\/Quellenweg erhalten Radlerinnen und Radler bei Schnee und Regen schneller freie Fahrt, unabh\u00e4ngig vom Autoverkehr, wie die Stadtverwaltung am Mittwoch mitteilte. Nach einer Erprobungsphase k\u00f6nne die Technik auch an anderen Stra\u00dfen zum Einsatz kommen. Es sei vermutlich bundesweit erste Ampelanlage dieser Art. In den Niederlanden sei sie h\u00e4ufig im Einsatz. Das Signalprogramm der Ampel werde mit aktuellen Wetterdaten gespeist, hie\u00df es. Schon bei leichtem Regen schalte sich das Programm automatisch ein und gebe Radfahrerinnen und Radfahrern sowie Fu\u00dfg\u00e4ngerinnen und Fu\u00dfg\u00e4ngern nach Anforderung des&#8230;<\/p>\n","protected":false},"author":7,"featured_media":0,"comment_status":"false","ping_status":"open","sticky":false,"template":"","format":"standard","meta":{"footnotes":""},"categories":[43],"tags":[44],"class_list":["post-22735","post","type-post","status-publish","format-standard","hentry","category-kirche-oldenburg","tag-kirche-oldenburg"],"_links":{"self":[{"href":"https:\/\/christusnews.de\/site\/wp-json\/wp\/v2\/posts\/22735","targetHints":{"allow":["GET"]}}],"collection":[{"href":"https:\/\/christusnews.de\/site\/wp-json\/wp\/v2\/posts"}],"about":[{"href":"https:\/\/christusnews.de\/site\/wp-json\/wp\/v2\/types\/post"}],"author":[{"embeddable":true,"href":"https:\/\/christusnews.de\/site\/wp-json\/wp\/v2\/users\/7"}],"replies":[{"embeddable":true,"href":"https:\/\/christusnews.de\/site\/wp-json\/wp\/v2\/comments?post=22735"}],"version-history":[{"count":1,"href":"https:\/\/christusnews.de\/site\/wp-json\/wp\/v2\/posts\/22735\/revisions"}],"predecessor-version":[{"id":22736,"href":"https:\/\/christusnews.de\/site\/wp-json\/wp\/v2\/posts\/22735\/revisions\/22736"}],"wp:attachment":[{"href":"https:\/\/christusnews.de\/site\/wp-json\/wp\/v2\/media?parent=22735"}],"wp:term":[{"taxonomy":"category","embeddable":true,"href":"https:\/\/christusnews.de\/site\/wp-json\/wp\/v2\/categories?post=22735"},{"taxonomy":"post_tag","embeddable":true,"href":"https:\/\/christusnews.de\/site\/wp-json\/wp\/v2\/tags?post=22735"}],"curies":[{"name":"wp","href":"https:\/\/api.w.org\/{rel}","templated":true}]}}