{"id":22737,"date":"2022-11-24T13:46:13","date_gmt":"2022-11-24T12:46:13","guid":{"rendered":"https:\/\/christusnews.de\/site\/fernseh-gottesdienst-zur-eroeffnung-der-aktion-brot-fuer-die-welt\/"},"modified":"2022-11-24T22:17:48","modified_gmt":"2022-11-24T21:17:48","slug":"fernseh-gottesdienst-zur-eroeffnung-der-aktion-brot-fuer-die-welt","status":"publish","type":"post","link":"https:\/\/christusnews.de\/site\/fernseh-gottesdienst-zur-eroeffnung-der-aktion-brot-fuer-die-welt\/","title":{"rendered":"Fernseh-Gottesdienst zur Er\u00f6ffnung der Aktion &quot;Brot f\u00fcr die Welt&quot;"},"content":{"rendered":"<p>&#8220;Eine Welt. Ein Klima. Eine Zukunft&#8221; &#8211; unter diesem Motto steht der&nbsp;Gottesdienst zur Er\u00f6ffnung der neuen Spendenaktion des evangelischen&nbsp;Hilfswerks &#8220;Brot f\u00fcr die Welt&#8221;. Am 1. Advent \u00fcbertragen sowohl Das Erste als&nbsp; auch NDR Info live ab 10 Uhr aus der Ohmsteder Kirche. Neben Bischof Thomas Adomeit f\u00fchrt Pfarrerin Dagmar Pruin, Pr\u00e4sidentin von&nbsp;Brot f\u00fcr die Welt, durch den Gottesdient. Zu Gast ist Juliate Malakar, Direktorin&nbsp;der Partnerorganisation CCDB in Bangladesch. Seit 2012 hilft die Christian&nbsp;Commission for Development Menschen in der K\u00fcstenregion, ihre&nbsp;Lebensweise an die ver\u00e4nderten Klimabedingungen anzupassen. Die&nbsp;musikalische Leitung liegt bei Landeskirchenmusikdirektorin Beate Besser.&nbsp; Die Gespr\u00e4che im Gottesdienst f\u00fchrt NDR-Moderator Yared Dibaba.<\/p>\n<p>Die Klimakrise trifft uns alle. Doch die L\u00e4nder des Globalen S\u00fcdens sind&nbsp;besonders bedroht. In Bangladesch kommt es immer wieder zu&nbsp;\u00dcberschwemmungen, Ernte- und Bodenverlusten. \u00c4hnlich wie das&nbsp;s\u00fcdasiatische Land liegt das Oldenburger Land nur f\u00fcnf Meter \u00fcber dem&nbsp;Meeresspiegel. Dort trocknen Gew\u00e4sser wegen des warmen Sommers und zu&nbsp;wenig Regen aus. Zu viel oder zu wenig Wasser &#8211; es sind zwei Gesichter der Krise. Der Gottesdienst nimmt diese Gemeinsamkeit auf.&nbsp;<\/p>\n<p>Die Aktion &#8220;Brot f\u00fcr die Welt&#8221; wird traditionell mit einem Festgottesdienst am&nbsp;1. Advent er\u00f6ffnet &#8211; jedes Mal aus einer anderen Landeskirche. Die&nbsp;Evangelische Kirche in Deutschland (EKD), die Frei- und altkonfessionellen&nbsp;Kirchen und &#8220;Brot f\u00fcr die Welt&#8221; rufen mit der 64. Aktion &#8220;Eine Welt. Ein Klima.&nbsp;Eine Zukunft&#8221; gemeinsam zu Spenden auf. Im Aufruf zur Spendenaktion hei\u00dft&nbsp;es: &#8220;Klimagerechtigkeit erreichen wir nur, wenn sich auch bei uns vieles&nbsp;ver\u00e4ndert. Das beginnt bei uns selbst mit einer Lebensweise, die Ressourcen&nbsp;in jeder Hinsicht schont.&#8221;<\/p>\n<p><strong>Ein Video-Portrait der Ohmsteder Kirche findet Sie unter: <a href=\"https:\/\/www.ndr.de\/kirche\/TV-Gottesdienst-eroeffnet-Spendenaktion-Brot-fuer-die-Welt,gottesdienst744.html\">https:\/\/www.ndr.de\/kirche\/TV-Gottesdienst-eroeffnet-Spendenaktion-Brot-fuer-die-Welt,gottesdienst744.html<\/a>&nbsp;<\/strong><\/p>\n<p>Kirche-Oldenburg<br \/>\n<a href=\"https:\/\/www.kirche-oldenburg.de\/\/aktuell\/pressemitteilungen\/artikel\/fernseh-gottesdienst-zur-eroeffnung-der-aktion-brot-fuer-die-welt\" target=\"_blank\" rel=\"noopener\">Fernseh-Gottesdienst zur Er\u00f6ffnung der Aktion &quot;Brot f\u00fcr die Welt&quot;<\/a><\/p>\n","protected":false},"excerpt":{"rendered":"<p>&#8220;Eine Welt. Ein Klima. Eine Zukunft&#8221; &#8211; unter diesem Motto steht der&nbsp;Gottesdienst zur Er\u00f6ffnung der neuen Spendenaktion des evangelischen&nbsp;Hilfswerks &#8220;Brot f\u00fcr die Welt&#8221;. Am 1. Advent \u00fcbertragen sowohl Das Erste als&nbsp; auch NDR Info live ab 10 Uhr aus der Ohmsteder Kirche. Neben Bischof Thomas Adomeit f\u00fchrt Pfarrerin Dagmar Pruin, Pr\u00e4sidentin von&nbsp;Brot f\u00fcr die Welt, durch den Gottesdient. Zu Gast ist Juliate Malakar, Direktorin&nbsp;der Partnerorganisation CCDB in Bangladesch. Seit 2012 hilft die Christian&nbsp;Commission for Development Menschen in der K\u00fcstenregion, ihre&nbsp;Lebensweise an die ver\u00e4nderten Klimabedingungen anzupassen. Die&nbsp;musikalische Leitung liegt bei Landeskirchenmusikdirektorin Beate Besser.&nbsp; Die Gespr\u00e4che im Gottesdienst f\u00fchrt NDR-Moderator Yared Dibaba&#8230;.<\/p>\n","protected":false},"author":7,"featured_media":0,"comment_status":"false","ping_status":"open","sticky":false,"template":"","format":"standard","meta":{"footnotes":""},"categories":[43],"tags":[44],"class_list":["post-22737","post","type-post","status-publish","format-standard","hentry","category-kirche-oldenburg","tag-kirche-oldenburg"],"_links":{"self":[{"href":"https:\/\/christusnews.de\/site\/wp-json\/wp\/v2\/posts\/22737","targetHints":{"allow":["GET"]}}],"collection":[{"href":"https:\/\/christusnews.de\/site\/wp-json\/wp\/v2\/posts"}],"about":[{"href":"https:\/\/christusnews.de\/site\/wp-json\/wp\/v2\/types\/post"}],"author":[{"embeddable":true,"href":"https:\/\/christusnews.de\/site\/wp-json\/wp\/v2\/users\/7"}],"replies":[{"embeddable":true,"href":"https:\/\/christusnews.de\/site\/wp-json\/wp\/v2\/comments?post=22737"}],"version-history":[{"count":1,"href":"https:\/\/christusnews.de\/site\/wp-json\/wp\/v2\/posts\/22737\/revisions"}],"predecessor-version":[{"id":22738,"href":"https:\/\/christusnews.de\/site\/wp-json\/wp\/v2\/posts\/22737\/revisions\/22738"}],"wp:attachment":[{"href":"https:\/\/christusnews.de\/site\/wp-json\/wp\/v2\/media?parent=22737"}],"wp:term":[{"taxonomy":"category","embeddable":true,"href":"https:\/\/christusnews.de\/site\/wp-json\/wp\/v2\/categories?post=22737"},{"taxonomy":"post_tag","embeddable":true,"href":"https:\/\/christusnews.de\/site\/wp-json\/wp\/v2\/tags?post=22737"}],"curies":[{"name":"wp","href":"https:\/\/api.w.org\/{rel}","templated":true}]}}