{"id":22739,"date":"2022-11-24T19:07:13","date_gmt":"2022-11-24T18:07:13","guid":{"rendered":"https:\/\/christusnews.de\/site\/basar-der-flotten-nadelnam-1-advent-ist-wieder-der-basar-vom-handarbeitskreis-flotte-nadeln-am-samstag-26-11-und-sonntag-27-11-ist-das-gemeindehaus-fuer-alle-interessierten-gae\/"},"modified":"2022-11-24T22:17:50","modified_gmt":"2022-11-24T21:17:50","slug":"basar-der-flotten-nadelnam-1-advent-ist-wieder-der-basar-vom-handarbeitskreis-flotte-nadeln-am-samstag-26-11-und-sonntag-27-11-ist-das-gemeindehaus-fuer-alle-interessierten-gae","status":"publish","type":"post","link":"https:\/\/christusnews.de\/site\/basar-der-flotten-nadelnam-1-advent-ist-wieder-der-basar-vom-handarbeitskreis-flotte-nadeln-am-samstag-26-11-und-sonntag-27-11-ist-das-gemeindehaus-fuer-alle-interessierten-gae\/","title":{"rendered":"Basar der &quot;Flotten Nadeln&quot;\n\nAm 1. Advent ist wieder der Basar vom Handarbeitskreis &quot;Flotte Nadeln. Am Samstag 26.11. und Sonntag 27.11. ist das Gemeindehaus f\u00fcr alle interessierten G\u00e4ste ge\u00f6ffnet. Bei Tee, Kaffee und Kuchen k\u00f6nnen kann man in Ruhe die hochwertigen Handarbeiten und Bastelarbeiten anschauen und kaufen. Der Erl\u00f6s vom Basar ist f\u00fcr die Kinderg\u00e4rten der Gemeinde bestimmt.\n\nAm 2. und 3. Advent \u00f6ffnen die Flotten Nadeln jeweils im Anschluss an den Gottesdienst von 13 &#8211; 14.30 Uhr die T\u00fcren zum Basar."},"content":{"rendered":"<p>Basar der &#8220;Flotten Nadeln&#8221;<\/p>\n<p>Am 1. Advent ist wieder der Basar vom Handarbeitskreis &#8220;Flotte Nadeln. Am Samstag 26.11. und Sonntag 27.11. ist das Gemeindehaus f\u00fcr alle interessierten G\u00e4ste ge\u00f6ffnet. Bei Tee, Kaffee und Kuchen k\u00f6nnen kann man in Ruhe die hochwertigen Handarbeiten und Bastelarbeiten anschauen und kaufen. Der Erl\u00f6s vom Basar ist f\u00fcr die Kinderg\u00e4rten der Gemeinde bestimmt.<\/p>\n<p>Am 2. und 3. Advent \u00f6ffnen die Flotten Nadeln jeweils im Anschluss an den Gottesdienst von 13 &#8211; 14.30 Uhr die T\u00fcren zum Basar.<br \/>\nHAVENKIRCHE@FB<br \/>\n<a href=\"https:\/\/www.facebook.com\/396185572708352\/posts\/441770174816558\" target=\"_blank\" rel=\"noopener\">Basar der &quot;Flotten Nadeln&quot;<\/p>\n<p>Am 1. Advent ist wieder der Basar vom Handarbeitskreis &quot;Flotte Nadeln. Am Samstag 26.11. und Sonntag 27.11. ist das Gemeindehaus f\u00fcr alle interessierten G\u00e4ste ge\u00f6ffnet. Bei Tee, Kaffee und Kuchen k\u00f6nnen kann man in Ruhe die hochwertigen Handarbeiten und Bastelarbeiten anschauen und kaufen. Der Erl\u00f6s vom Basar ist f\u00fcr die Kinderg\u00e4rten der Gemeinde bestimmt.<\/p>\n<p>Am 2. und 3. Advent \u00f6ffnen die Flotten Nadeln jeweils im Anschluss an den Gottesdienst von 13 &#8211; 14.30 Uhr die T\u00fcren zum Basar.<\/a><\/p>\n","protected":false},"excerpt":{"rendered":"<p>Basar der &#8220;Flotten Nadeln&#8221; Am 1. Advent ist wieder der Basar vom Handarbeitskreis &#8220;Flotte Nadeln. Am Samstag 26.11. und Sonntag 27.11. ist das Gemeindehaus f\u00fcr alle interessierten G\u00e4ste ge\u00f6ffnet. Bei Tee, Kaffee und Kuchen k\u00f6nnen kann man in Ruhe die hochwertigen Handarbeiten und Bastelarbeiten anschauen und kaufen. Der Erl\u00f6s vom Basar ist f\u00fcr die Kinderg\u00e4rten der Gemeinde bestimmt. Am 2. und 3. Advent \u00f6ffnen die Flotten Nadeln jeweils im Anschluss an den Gottesdienst von 13 &#8211; 14.30 Uhr die T\u00fcren zum Basar. HAVENKIRCHE@FB Basar der &quot;Flotten Nadeln&quot; Am 1. Advent ist wieder der Basar vom Handarbeitskreis &quot;Flotte Nadeln. Am Samstag&#8230;<\/p>\n","protected":false},"author":6,"featured_media":0,"comment_status":"false","ping_status":"open","sticky":false,"template":"","format":"standard","meta":{"footnotes":""},"categories":[75],"tags":[76],"class_list":["post-22739","post","type-post","status-publish","format-standard","hentry","category-havenkirche","tag-havenkirche"],"_links":{"self":[{"href":"https:\/\/christusnews.de\/site\/wp-json\/wp\/v2\/posts\/22739","targetHints":{"allow":["GET"]}}],"collection":[{"href":"https:\/\/christusnews.de\/site\/wp-json\/wp\/v2\/posts"}],"about":[{"href":"https:\/\/christusnews.de\/site\/wp-json\/wp\/v2\/types\/post"}],"author":[{"embeddable":true,"href":"https:\/\/christusnews.de\/site\/wp-json\/wp\/v2\/users\/6"}],"replies":[{"embeddable":true,"href":"https:\/\/christusnews.de\/site\/wp-json\/wp\/v2\/comments?post=22739"}],"version-history":[{"count":1,"href":"https:\/\/christusnews.de\/site\/wp-json\/wp\/v2\/posts\/22739\/revisions"}],"predecessor-version":[{"id":22740,"href":"https:\/\/christusnews.de\/site\/wp-json\/wp\/v2\/posts\/22739\/revisions\/22740"}],"wp:attachment":[{"href":"https:\/\/christusnews.de\/site\/wp-json\/wp\/v2\/media?parent=22739"}],"wp:term":[{"taxonomy":"category","embeddable":true,"href":"https:\/\/christusnews.de\/site\/wp-json\/wp\/v2\/categories?post=22739"},{"taxonomy":"post_tag","embeddable":true,"href":"https:\/\/christusnews.de\/site\/wp-json\/wp\/v2\/tags?post=22739"}],"curies":[{"name":"wp","href":"https:\/\/api.w.org\/{rel}","templated":true}]}}