{"id":22741,"date":"2022-11-25T16:50:38","date_gmt":"2022-11-25T15:50:38","guid":{"rendered":"https:\/\/christusnews.de\/site\/bischof-adomeit-und-weihbischof-theising-eroeffnen-gemeinsam-das-neue-kirchenjahr-in-molbergen\/"},"modified":"2022-11-25T22:17:20","modified_gmt":"2022-11-25T21:17:20","slug":"bischof-adomeit-und-weihbischof-theising-eroeffnen-gemeinsam-das-neue-kirchenjahr-in-molbergen","status":"publish","type":"post","link":"https:\/\/christusnews.de\/site\/bischof-adomeit-und-weihbischof-theising-eroeffnen-gemeinsam-das-neue-kirchenjahr-in-molbergen\/","title":{"rendered":"Bischof Adomeit und Weihbischof Theising er\u00f6ffnen gemeinsam das neue Kirchenjahr in Molbergen"},"content":{"rendered":"<p>Am Sonntagabend, 27. November (1. Advent), laden die Evangelisch-Lutherische Kirche in Oldenburg und die r\u00f6misch-katholische Kirche im Offizialatsbezirk Oldenburg um 18 Uhr zu einem \u00f6kumenischen Gottesdienst in die katholische Kirche St. Johannes Baptist in Molbergen ein. Der oldenburgische Bischof Thomas Adomeit und Weihbischof Wilfried Theising, Bisch\u00f6flicher Offizial im Oldenburger Land, er\u00f6ffnen gemeinsam und in \u00f6kumenischer Verbundenheit das neue Kirchenjahr. Die Predigt h\u00e4lt Bischof Thomas Adomeit.&nbsp;<br \/>\n&nbsp;&nbsp;<br \/>\nIn diesem Jahr findet die gemeinsame \u00f6kumenische Er\u00f6ffnung des Advents f\u00fcr Christinnen und Christen im Oldenburger Land bereits zum 14. Mal statt. Diese Tradition wurde 2009 in der Vareler Schlosskirche begr\u00fcndet.&nbsp;<br \/>\n&nbsp;&nbsp;<br \/>\nDen Gottesdienst gestalten beide Bisch\u00f6fe gemeinsam mit Pfarrer Dr. Oliver D\u00fcrr, Pastor Uwe B\u00f6rner, Organist Jan Niemann und dem Molberger Kirchenchor unter der Leitung von Ria Deeken.&nbsp;<br \/>\n&nbsp;&nbsp;<br \/>\nIm Anschluss an den Gottesdienst sind alle Teilnehmenden zu einem Empfang der Pfarrgemeinde im Pfarrsaal in Molbergen eingeladen.<\/p>\n<p><strong>Seit 2009 fanden die Gottesdienste in folgenden Kirchen statt:<\/strong><br \/>\n2009: evangelische Schlosskirche in Varel<br \/>\n2010: katholische Kirche St. Gorgonius in Goldenstedt<br \/>\n2011: evangelische Kirche St.-Johannes in Bad Zwischenahn&nbsp;<br \/>\n2012: katholische Kirche St. Johannes Baptist in Molbergen&nbsp;<br \/>\n2013: evangelische Kirche St.-Bartholom\u00e4us in Golzwarden&nbsp;<br \/>\n2014: katholische Kirche St. Catharina in Dinklage&nbsp;<br \/>\n2015: evangelische Kirche St.-Laurentius in Hasbergen&nbsp;<br \/>\n2016: katholische Kirche St. Vitus in L\u00f6ningen&nbsp;<br \/>\n2017: evangelische Kirche zum guten Hirten in Damme<br \/>\n2018: katholische Forumskirche St. Peter in Oldenburg<br \/>\n2019: evangelische Kirche St. Pankratius in Stuhr<br \/>\n2020: katholische Kirche St. Marien zu Schillig<br \/>\n2021: evangelische Kirche St. Petri in Westerstede<br \/>\n&nbsp;<\/p>\n<p>Kirche-Oldenburg<br \/>\n<a href=\"https:\/\/www.kirche-oldenburg.de\/\/aktuell\/pressemitteilungen\/artikel\/bischof-adomeit-und-weihbischof-theising-eroeffnen-gemeinsam-das-neue-kirchenjahr-in-molbergen\" target=\"_blank\" rel=\"noopener\">Bischof Adomeit und Weihbischof Theising er\u00f6ffnen gemeinsam das neue Kirchenjahr in Molbergen<\/a><\/p>\n","protected":false},"excerpt":{"rendered":"<p>Am Sonntagabend, 27. November (1. Advent), laden die Evangelisch-Lutherische Kirche in Oldenburg und die r\u00f6misch-katholische Kirche im Offizialatsbezirk Oldenburg um 18 Uhr zu einem \u00f6kumenischen Gottesdienst in die katholische Kirche St. Johannes Baptist in Molbergen ein. Der oldenburgische Bischof Thomas Adomeit und Weihbischof Wilfried Theising, Bisch\u00f6flicher Offizial im Oldenburger Land, er\u00f6ffnen gemeinsam und in \u00f6kumenischer Verbundenheit das neue Kirchenjahr. Die Predigt h\u00e4lt Bischof Thomas Adomeit.&nbsp; &nbsp;&nbsp; In diesem Jahr findet die gemeinsame \u00f6kumenische Er\u00f6ffnung des Advents f\u00fcr Christinnen und Christen im Oldenburger Land bereits zum 14. Mal statt. Diese Tradition wurde 2009 in der Vareler Schlosskirche begr\u00fcndet.&nbsp; &nbsp;&nbsp; Den Gottesdienst&#8230;<\/p>\n","protected":false},"author":7,"featured_media":0,"comment_status":"false","ping_status":"open","sticky":false,"template":"","format":"standard","meta":{"footnotes":""},"categories":[43],"tags":[44],"class_list":["post-22741","post","type-post","status-publish","format-standard","hentry","category-kirche-oldenburg","tag-kirche-oldenburg"],"_links":{"self":[{"href":"https:\/\/christusnews.de\/site\/wp-json\/wp\/v2\/posts\/22741","targetHints":{"allow":["GET"]}}],"collection":[{"href":"https:\/\/christusnews.de\/site\/wp-json\/wp\/v2\/posts"}],"about":[{"href":"https:\/\/christusnews.de\/site\/wp-json\/wp\/v2\/types\/post"}],"author":[{"embeddable":true,"href":"https:\/\/christusnews.de\/site\/wp-json\/wp\/v2\/users\/7"}],"replies":[{"embeddable":true,"href":"https:\/\/christusnews.de\/site\/wp-json\/wp\/v2\/comments?post=22741"}],"version-history":[{"count":1,"href":"https:\/\/christusnews.de\/site\/wp-json\/wp\/v2\/posts\/22741\/revisions"}],"predecessor-version":[{"id":22742,"href":"https:\/\/christusnews.de\/site\/wp-json\/wp\/v2\/posts\/22741\/revisions\/22742"}],"wp:attachment":[{"href":"https:\/\/christusnews.de\/site\/wp-json\/wp\/v2\/media?parent=22741"}],"wp:term":[{"taxonomy":"category","embeddable":true,"href":"https:\/\/christusnews.de\/site\/wp-json\/wp\/v2\/categories?post=22741"},{"taxonomy":"post_tag","embeddable":true,"href":"https:\/\/christusnews.de\/site\/wp-json\/wp\/v2\/tags?post=22741"}],"curies":[{"name":"wp","href":"https:\/\/api.w.org\/{rel}","templated":true}]}}