{"id":22748,"date":"2022-11-28T10:00:00","date_gmt":"2022-11-28T09:00:00","guid":{"rendered":"https:\/\/christusnews.de\/site\/?p=22748"},"modified":"2022-11-27T18:31:38","modified_gmt":"2022-11-27T17:31:38","slug":"advent-4","status":"publish","type":"post","link":"https:\/\/christusnews.de\/site\/advent-4\/","title":{"rendered":"Advent"},"content":{"rendered":"\n<p>Wenn Politiker auf Staatsbesuch sind, wird oft der rote Teppich ausgerollt. Milit\u00e4r tritt an, junge Menschen schwenken F\u00e4hnchen, eine Kapelle spielt, alles ist geschm\u00fcckt und bereitet.<\/p>\n\n\n\n<p>Als Jesus damals in Jerusalem einzog, war es anders.<\/p>\n\n\n\n<p>Die Menschen winkten mit Palmzweigen, legten Kleider auf die Stra\u00dfe.<\/p>\n\n\n\n<p>Jesus sa\u00df, so sagt es die Bibel, auf einem Esel.&nbsp;<\/p>\n\n\n\n<p>Etwas, das sp\u00e4ter gro\u00df werden sollte, begann klein und bescheiden.<\/p>\n\n\n\n<p>Gestern war der 1. Advent.&nbsp;&nbsp;&nbsp;Da h\u00f6ren wir von Jesu Ankunft in Jerusalem.<\/p>\n\n\n\n<p>F\u00fcr mich ist es immer ein wunderbarer Moment, wenn ich in der Kirche im Gottesdienst spontan frage, wer die erste Kerze auf dem Adventskranz anz\u00fcnden m\u00f6chte.&nbsp;<\/p>\n\n\n\n<p>Dieses Mal war es ein junges M\u00e4dchen.<\/p>\n\n\n\n<p>Die Augen der Eltern strahlten, das Kind war stolz wie Oskar und in der Kirche war es f\u00fcr einen Augenblick ganz still.&nbsp;<\/p>\n\n\n\n<p>Dann setzt die Orgel ein, wir haben gesungen, alles so wie immer.<\/p>\n\n\n\n<p>Aber es ist nicht alles wie immer.<\/p>\n\n\n\n<p>Wir sitzen in der Kirche, manche mit Decken, die wir im Ausgang bereit gelegt haben, weil wir nicht mehr m\u00e4chtig heizen k\u00f6nnen.<\/p>\n\n\n\n<p>Die Zeiten \u00e4ndern sich.&nbsp;<\/p>\n\n\n\n<p>Viele Menschen schauen mit gro\u00dfer Sorge dem Winter entgegen.<\/p>\n\n\n\n<p>Kann ich das bezahlen?<\/p>\n\n\n\n<p>Oder schauen in Richtung Ukraine.<\/p>\n\n\n\n<p>Was wird das noch geben?<\/p>\n\n\n\n<p>Das M\u00e4dchen z\u00fcndet die erste Kerze auf dem Kranz an.<\/p>\n\n\n\n<p>Jede Woche soll es etwas heller werden.&nbsp;<\/p>\n\n\n\n<p>Bis Weihnachten, bis zum Fest der Lichter.<\/p>\n\n\n\n<p>Pl\u00f6tzlich habe ich den Stall vor Augen, Sie wissen schon, Bethlehem, die Hirten, die K\u00f6nige, Eltern mit einem Kind, Engel im Hintergrund.&nbsp;<\/p>\n\n\n\n<p>Sie hatten nicht einmal Decken, nur Stroh.&nbsp;&nbsp;&nbsp;Alles sehr einfach.<\/p>\n\n\n\n<p>Es begann ganz klein. Und wurde gro\u00df.&nbsp;<\/p>\n\n\n\n<p>Die Botschaft der Mitmenschlichkeit.<\/p>\n\n\n\n<p>Sie braucht keinen roten Teppich.<\/p>\n\n\n\n<p><\/p>\n\n\n\n<blockquote class=\"wp-block-quote is-layout-flow wp-block-quote-is-layout-flow\">\n<p><strong>Stefan Stalling<\/strong><br>H<em>\u00f6ren Sie diesen Beitrag bei Radio Jade:<\/em><br><a rel=\"noreferrer noopener\" href=\"http:\/\/www.radio-jade.de\/mediathek\/angedacht\/\" target=\"_blank\"><em>Alle Beitr\u00e4ge im \u00dcberblick | RADIO JADE<\/em><\/a><\/p>\n<\/blockquote>\n","protected":false},"excerpt":{"rendered":"<p>Wenn Politiker auf Staatsbesuch sind, wird oft der rote Teppich ausgerollt. Milit\u00e4r tritt an, junge Menschen schwenken F\u00e4hnchen, eine Kapelle spielt, alles ist geschm\u00fcckt und bereitet. Als Jesus damals in Jerusalem einzog, war es anders. Die Menschen winkten mit Palmzweigen, legten Kleider auf die Stra\u00dfe. Jesus sa\u00df, so sagt es die Bibel, auf einem Esel.&nbsp; Etwas, das sp\u00e4ter gro\u00df werden sollte, begann klein und bescheiden. Gestern war der 1. Advent.&nbsp;&nbsp;&nbsp;Da h\u00f6ren wir von Jesu Ankunft in Jerusalem. F\u00fcr mich ist es immer ein wunderbarer Moment, wenn ich in der Kirche im Gottesdienst spontan frage, wer die erste Kerze auf dem&#8230;<\/p>\n","protected":false},"author":6,"featured_media":1171,"comment_status":"closed","ping_status":"open","sticky":false,"template":"","format":"standard","meta":{"footnotes":""},"categories":[5],"tags":[],"class_list":["post-22748","post","type-post","status-publish","format-standard","has-post-thumbnail","hentry","category-angedacht"],"_links":{"self":[{"href":"https:\/\/christusnews.de\/site\/wp-json\/wp\/v2\/posts\/22748","targetHints":{"allow":["GET"]}}],"collection":[{"href":"https:\/\/christusnews.de\/site\/wp-json\/wp\/v2\/posts"}],"about":[{"href":"https:\/\/christusnews.de\/site\/wp-json\/wp\/v2\/types\/post"}],"author":[{"embeddable":true,"href":"https:\/\/christusnews.de\/site\/wp-json\/wp\/v2\/users\/6"}],"replies":[{"embeddable":true,"href":"https:\/\/christusnews.de\/site\/wp-json\/wp\/v2\/comments?post=22748"}],"version-history":[{"count":1,"href":"https:\/\/christusnews.de\/site\/wp-json\/wp\/v2\/posts\/22748\/revisions"}],"predecessor-version":[{"id":22749,"href":"https:\/\/christusnews.de\/site\/wp-json\/wp\/v2\/posts\/22748\/revisions\/22749"}],"wp:featuredmedia":[{"embeddable":true,"href":"https:\/\/christusnews.de\/site\/wp-json\/wp\/v2\/media\/1171"}],"wp:attachment":[{"href":"https:\/\/christusnews.de\/site\/wp-json\/wp\/v2\/media?parent=22748"}],"wp:term":[{"taxonomy":"category","embeddable":true,"href":"https:\/\/christusnews.de\/site\/wp-json\/wp\/v2\/categories?post=22748"},{"taxonomy":"post_tag","embeddable":true,"href":"https:\/\/christusnews.de\/site\/wp-json\/wp\/v2\/tags?post=22748"}],"curies":[{"name":"wp","href":"https:\/\/api.w.org\/{rel}","templated":true}]}}