{"id":22750,"date":"2022-11-29T10:00:00","date_gmt":"2022-11-29T09:00:00","guid":{"rendered":"https:\/\/christusnews.de\/site\/?p=22750"},"modified":"2022-11-27T18:32:26","modified_gmt":"2022-11-27T17:32:26","slug":"himmelskisten","status":"publish","type":"post","link":"https:\/\/christusnews.de\/site\/himmelskisten\/","title":{"rendered":"Himmelskisten"},"content":{"rendered":"\n<p>Das Thema Tod ist f\u00fcr viele ein Tabu-Thema.&nbsp;<\/p>\n\n\n\n<p>Ist ja auch nicht einfach, dar\u00fcber zu sprechen.<\/p>\n\n\n\n<p>Was passiert dann, wenn man geht?<\/p>\n\n\n\n<p>Vielen macht das Angst, auch nur dar\u00fcber nachzudenken.<\/p>\n\n\n\n<p>Andere nehmen es gelassen.&nbsp;&nbsp;Es kommt sowieso, sagen sie.&nbsp;&nbsp;Und gut, dass man nicht wei\u00df, wann.<\/p>\n\n\n\n<p>Im Konfiunterricht ist das auch Thema, einfach, weil es dazu geh\u00f6rt \u2013 und auch, weil es junge Menschen auch besch\u00e4ftigt.&nbsp;&nbsp;Wo ist Opa jetzt, da er nicht mehr da ist?&nbsp;<\/p>\n\n\n\n<p>K\u00fcrzlich haben wir eine Konfistunde dazu gestaltet. Und bevor wir Gro\u00dfen schlaue S\u00e4tze machen, wie das so ist nach dem Tod, oder was die Bibel sagt oder so \u2013 haben wir die Konfis selbst gebeten, ihren Blick in den Himmel zu gestalten.&nbsp;&nbsp;<\/p>\n\n\n\n<p>Und so haben sich in kleinen Gruppen immer 4 oder 5 junge Menschen ausgetauscht dar\u00fcber, wie sie sich den Himmel vorstellen \u2013 und haben dann \u201cHimmelskisten\u201d gebastelt.&nbsp;&nbsp;&nbsp;Daf\u00fcr hatten wir tausend kleine Dinge bereitgestellt. Und wie sahen die Kisten dann aus?<\/p>\n\n\n\n<p>Da war drin viel Watte f\u00fcr viele Wolken, da waren Engel und Kirchenfenster, da wurden sch\u00f6ne bunte Bilder gemalt \u2013 und viele Teelichter haben sie reingestellt in die Kiste:&nbsp;&nbsp;Licht muss da hin, viel Licht.<\/p>\n\n\n\n<p>Dann haben sie ihre Kisten den anderen vorgestellt.&nbsp;&nbsp;Und wir haben zusammengetragen:&nbsp;&nbsp;<\/p>\n\n\n\n<p>Der Himmel muss ein sch\u00f6ner sein. Da soll es friedlich sein, nicht laut.&nbsp;&nbsp;<\/p>\n\n\n\n<p>Eine Gruppe hat leere Medikamentenschachteln genommen \u2013 und vor die Kiste gelegt.&nbsp;&nbsp;\u201cWeil im Himmel hat keiner mehr Schmerzen\u201d war die Begr\u00fcndung.<\/p>\n\n\n\n<p>Wie sch\u00f6n, habe ich gedacht, wenn wir uns diese Hoffnung auf diesen Himmel bewahren und weitergeben.&nbsp;&nbsp;Anderen ein Hoffnungsbild malen.<\/p>\n\n\n\n<p>Wer sich aufmacht und geht von dieser Welt, dem geht es gut bei dem, der uns geschaffen hat.<\/p>\n\n\n\n<p>Und das ist ein gro\u00dfer Trost in einer Welt, die uns manchmal trostlos vorkommt.<\/p>\n\n\n\n<p><\/p>\n\n\n\n<blockquote class=\"wp-block-quote is-layout-flow wp-block-quote-is-layout-flow\">\n<p><strong>Stefan Stalling<\/strong><br>H<em>\u00f6ren Sie diesen Beitrag bei Radio Jade:<\/em><br><a rel=\"noreferrer noopener\" href=\"http:\/\/www.radio-jade.de\/mediathek\/angedacht\/\" target=\"_blank\"><em>Alle Beitr\u00e4ge im \u00dcberblick | RADIO JADE<\/em><\/a><\/p>\n<\/blockquote>\n","protected":false},"excerpt":{"rendered":"<p>Das Thema Tod ist f\u00fcr viele ein Tabu-Thema.&nbsp; Ist ja auch nicht einfach, dar\u00fcber zu sprechen. Was passiert dann, wenn man geht? Vielen macht das Angst, auch nur dar\u00fcber nachzudenken. Andere nehmen es gelassen.&nbsp;&nbsp;Es kommt sowieso, sagen sie.&nbsp;&nbsp;Und gut, dass man nicht wei\u00df, wann. Im Konfiunterricht ist das auch Thema, einfach, weil es dazu geh\u00f6rt \u2013 und auch, weil es junge Menschen auch besch\u00e4ftigt.&nbsp;&nbsp;Wo ist Opa jetzt, da er nicht mehr da ist?&nbsp; K\u00fcrzlich haben wir eine Konfistunde dazu gestaltet. Und bevor wir Gro\u00dfen schlaue S\u00e4tze machen, wie das so ist nach dem Tod, oder was die Bibel sagt oder&#8230;<\/p>\n","protected":false},"author":6,"featured_media":1171,"comment_status":"closed","ping_status":"open","sticky":false,"template":"","format":"standard","meta":{"footnotes":""},"categories":[5],"tags":[],"class_list":["post-22750","post","type-post","status-publish","format-standard","has-post-thumbnail","hentry","category-angedacht"],"_links":{"self":[{"href":"https:\/\/christusnews.de\/site\/wp-json\/wp\/v2\/posts\/22750","targetHints":{"allow":["GET"]}}],"collection":[{"href":"https:\/\/christusnews.de\/site\/wp-json\/wp\/v2\/posts"}],"about":[{"href":"https:\/\/christusnews.de\/site\/wp-json\/wp\/v2\/types\/post"}],"author":[{"embeddable":true,"href":"https:\/\/christusnews.de\/site\/wp-json\/wp\/v2\/users\/6"}],"replies":[{"embeddable":true,"href":"https:\/\/christusnews.de\/site\/wp-json\/wp\/v2\/comments?post=22750"}],"version-history":[{"count":1,"href":"https:\/\/christusnews.de\/site\/wp-json\/wp\/v2\/posts\/22750\/revisions"}],"predecessor-version":[{"id":22751,"href":"https:\/\/christusnews.de\/site\/wp-json\/wp\/v2\/posts\/22750\/revisions\/22751"}],"wp:featuredmedia":[{"embeddable":true,"href":"https:\/\/christusnews.de\/site\/wp-json\/wp\/v2\/media\/1171"}],"wp:attachment":[{"href":"https:\/\/christusnews.de\/site\/wp-json\/wp\/v2\/media?parent=22750"}],"wp:term":[{"taxonomy":"category","embeddable":true,"href":"https:\/\/christusnews.de\/site\/wp-json\/wp\/v2\/categories?post=22750"},{"taxonomy":"post_tag","embeddable":true,"href":"https:\/\/christusnews.de\/site\/wp-json\/wp\/v2\/tags?post=22750"}],"curies":[{"name":"wp","href":"https:\/\/api.w.org\/{rel}","templated":true}]}}