{"id":22758,"date":"2022-11-27T14:57:56","date_gmt":"2022-11-27T13:57:56","guid":{"rendered":"https:\/\/christusnews.de\/site\/gemeinsam-gegen-den-klimawandel\/"},"modified":"2022-11-27T22:17:19","modified_gmt":"2022-11-27T21:17:19","slug":"gemeinsam-gegen-den-klimawandel","status":"publish","type":"post","link":"https:\/\/christusnews.de\/site\/gemeinsam-gegen-den-klimawandel\/","title":{"rendered":"Gemeinsam gegen den Klimawandel"},"content":{"rendered":"<p>Mit einem festlichen Gottesdienst in der Ohmstedter Kirche in Oldenburg hat Brot f\u00fcr die Welt die bundesweite Spendenaktion er\u00f6ffnet. Das Motto lautet auch in diesem Jahr \u201eEine Welt. Ein Klima. Eine Zukunft.\u201c Der Gottesdienst aus der Ohmstedter Kirche in Oldenburg ist live im Ersten sowie auf NDR Info \u00fcbertragen worden.<\/p>\n<p><strong>Gott kommt zu denen, die Halt suchen<\/strong><br \/>\nBischof Thomas Adomeit und Pfarrerin Dagmar Pruin, Pr\u00e4sidentin von Brot f\u00fcr die Welt, predigten \u00fcber den Einzug Jesu in Jerusalem, der im 21. Kapitel des Matth\u00e4usevangeliums erz\u00e4hlt wird. Es ist seit jeher das Evangelium f\u00fcr den ersten Adventssonntag, denn es verbindet die erwartete Geburt Jesu mit seinem ganzen Lebensweg \u2013 bis zu seinem Lebensende: So machtlos und verletzlich, wie Jesus geboren wurde, so lebte er, so starb er auch \u2013 und genau so setzte er dem Takt dieser Welt einen neuen Rhythmus des Lebens und der Hoffnung entgegen. \u201eIm Advent schauen wir auf den Taktgeber f\u00fcr unser Leben: auf Gott, unseren Retter. Er kommt zu denen, die Halt suchen \u2013 bei denen der Boden unter den F\u00fc\u00dfen schwankt.\u201c, betonte Thomas Adomeit. \u201eDie Adventsbotschaft hat Menschen durch die Jahrhunderte hindurch in schwersten Zeiten, in Katastrophen und Kriegen begleitet, aufgerichtet und getr\u00f6stet. Der Retter der Welt wird auch in diesem Jahr unsere Herzen erreichen.\u201c<\/p>\n<p>Dagmar Pruin stellte die Ankunft des Messias und deren Folgen f\u00fcr menschliches Handeln in den Mittelpunkt: \u201eWenn der Messias kommt, so wird er nichts anderes tun, als die Welt ein winziges St\u00fcck zurechtzur\u00fccken \u2013 so hat es ein ber\u00fchmter Rabbiner einmal formuliert. F\u00fcr mich ist das ein Schl\u00fcsselsatz f\u00fcr Glauben und Handeln geworden \u2013 auch f\u00fcr die Arbeit von Brot f\u00fcr die Welt. Die Welt muss gar nicht auf den Kopf gestellt werden, damit uns Gerechtigkeit und Frieden bl\u00fchen \u2013 es ist doch alles da. Wir produzieren die 2,5-fache Menge an Lebensmitteln, die wir br\u00e4uchten, damit alle satt zu werden. Niemand m\u00fcsste hungern, niemand verzweifeln. Wir m\u00fcssen nur ein wenig zurechtger\u00fcckt werden. Daher bin ich froh, dass heute Juliate Malakar hier ist und uns von der Arbeit ihrer Organisation in Bangladesch berichtet. Das ermutigt mich und strahlt so viel Hoffnung aus.\u201c<\/p>\n<p><strong>Festabend mit zahlreichen Prominenten <\/strong><br \/>\nAm Vorabend hatte Moderatorin Annie Heger durch den Festabend gef\u00fchrt und zahlreiche Prominente begr\u00fc\u00dft, wie die Pr\u00e4sidentin des Nieders\u00e4chsischen Landtages, Hanna Naber, die ein Gru\u00dfwort hielt, Dr. Kira Vinke, Leiterin des Zentrums f\u00fcr Klima und Au\u00dfenpolitik bei der Deutschen Gesellschaft f\u00fcr Ausw\u00e4rtige Politik oder Schauspieler und Moderator Yared Dibaba. Ein Highlight des Abends und des Gottesdienstes war der Bericht von Juliate Malakar, der Direktorin der Christian Commission for Development in Bangladesh (CCDB), einer Partnerorganisation von Brot f\u00fcr die Welt, sowie der Projektfilm, der kreative L\u00f6sungen im Kampf gegen Bedrohungen durch den Klimawandel zeigt. Aber auch der Poetry Slam von Stella Wolke sowie die Global Music Player Allstars waren beeindruckend.<\/p>\n<p><strong>Hintergrund:<\/strong><br \/>\n1959 rief die Evangelische Kirche erstmals unter der Aktion Brot f\u00fcr die Welt zu Spenden im Kampf gegen Hunger und Armut auf. Aktuell f\u00f6rdert das evangelische Hilfswerk mehr als 1.800 Projekte in 90 L\u00e4ndern. Schwerpunkte der Arbeit sind die \u00dcberwindung von Hunger und Armut, die St\u00e4rkung von Bildung und Gesundheit sowie der Einsatz f\u00fcr Menschenrechte und Klimagerechtigkeit.<\/p>\n<p>Die Kollekten an Heiligabend sind in den evangelischen Kirchengemeinden traditionell f\u00fcr Brot f\u00fcr die Welt bestimmt. Da viele Menschen Corona-bedingt weiterhin Gottesdienste meiden, weist das Hilfswerk zus\u00e4tzlich auf die Online-Spendenm\u00f6glichkeit hin.&nbsp;<a href=\"http:\/\/www.brot-fuer-die-welt.de\/spende\">http:\/\/www.brot-fuer-die-welt.de\/spende<\/a><\/p>\n<p><strong>Spendenkonto Brot f\u00fcr die Welt:<\/strong><br \/>\nIBAN: DE10 1006 1006 0500 5005 00<br \/>\nBIC: GENODED1KDB<\/p>\n<p><strong>Weitere Informationen zur Spendenaktion \u201eEine Welt.Ein Klima.Eine Zukunft\u201c <\/strong>sowie Material, mit dem Kirchengemeinden die Aktion in diesen besonderen Zeiten unterst\u00fctzen k\u00f6nnen, unter:&nbsp;<a href=\"https:\/\/www.brot-fuer-die-welt.de\/gemeinden\/material\/aktion-64\/\">https:\/\/www.brot-fuer-die-welt.de\/gemeinden\/material\/aktion-64\/ <\/a><\/p>\n<p><strong>Hier finden Sie eine Aufzeichnung des FGottesdienstes vom ersten Advent 2022 aus der Ohmsteder Kirche: <\/strong><a href=\"https:\/\/www.daserste.de\/information\/politik-weltgeschehen\/kirchliche-sendungen\/videos\/evangelischer-gottesdienst-am-1-advent-video-102.html\">https:\/\/www.daserste.de\/information\/politik-weltgeschehen\/kirchliche-sendungen\/videos\/evangelischer-gottesdienst-am-1-advent-video-102.html<\/a><\/p>\n<p><strong>Hier finden Sie den Gottesdienst als Audio-Datei:<\/strong> <a href=\"https:\/\/www.ndr.de\/nachrichten\/info\/Evangelischer-Gottesdienst-aus-der-Ohmsteder-Kirche-in-Oldenburg,audio1260322.html\">https:\/\/www.ndr.de\/nachrichten\/info\/Evangelischer-Gottesdienst-aus-der-Ohmsteder-Kirche-in-Oldenburg,audio1260322.html<\/a><\/p>\n<p><strong>Die Predigt von Bischof Thomas Adomeit und Pfarrerin Dr. Dagmar Pruin, Pr\u00e4sidentin von Brot f\u00fcr die Welt, finden Sie unter: &nbsp;<\/strong><a href=\"https:\/\/www.ndr.de\/kirche\/predigt500.pdf\">https:\/\/www.ndr.de\/kirche\/predigt500.pdf<\/a><\/p>\n<p><strong>Den kompletten Ablauf inklusive der Predigt von Bischof Thomas Adomeit und Pfarrerin Dr. Dagmar Pruin, Pr\u00e4sidentin von Brot f\u00fcr die Welt, finden Sie unter:&nbsp;<\/strong><a href=\"https:\/\/www.ndr.de\/kirche\/ablauf116.pdf\">https:\/\/www.ndr.de\/kirche\/ablauf116.pdf<\/a><\/p>\n<p>&nbsp;<\/p>\n<p>Kirche-Oldenburg<br \/>\n<a href=\"https:\/\/www.kirche-oldenburg.de\/\/aktuell\/pressemitteilungen\/artikel\/gemeinsam-gegen-den-klimawandel\" target=\"_blank\" rel=\"noopener\">Gemeinsam gegen den Klimawandel<\/a><\/p>\n","protected":false},"excerpt":{"rendered":"<p>Mit einem festlichen Gottesdienst in der Ohmstedter Kirche in Oldenburg hat Brot f\u00fcr die Welt die bundesweite Spendenaktion er\u00f6ffnet. Das Motto lautet auch in diesem Jahr \u201eEine Welt. Ein Klima. Eine Zukunft.\u201c Der Gottesdienst aus der Ohmstedter Kirche in Oldenburg ist live im Ersten sowie auf NDR Info \u00fcbertragen worden. Gott kommt zu denen, die Halt suchen Bischof Thomas Adomeit und Pfarrerin Dagmar Pruin, Pr\u00e4sidentin von Brot f\u00fcr die Welt, predigten \u00fcber den Einzug Jesu in Jerusalem, der im 21. Kapitel des Matth\u00e4usevangeliums erz\u00e4hlt wird. Es ist seit jeher das Evangelium f\u00fcr den ersten Adventssonntag, denn es verbindet die erwartete&#8230;<\/p>\n","protected":false},"author":7,"featured_media":0,"comment_status":"false","ping_status":"open","sticky":false,"template":"","format":"standard","meta":{"footnotes":""},"categories":[43],"tags":[44],"class_list":["post-22758","post","type-post","status-publish","format-standard","hentry","category-kirche-oldenburg","tag-kirche-oldenburg"],"_links":{"self":[{"href":"https:\/\/christusnews.de\/site\/wp-json\/wp\/v2\/posts\/22758","targetHints":{"allow":["GET"]}}],"collection":[{"href":"https:\/\/christusnews.de\/site\/wp-json\/wp\/v2\/posts"}],"about":[{"href":"https:\/\/christusnews.de\/site\/wp-json\/wp\/v2\/types\/post"}],"author":[{"embeddable":true,"href":"https:\/\/christusnews.de\/site\/wp-json\/wp\/v2\/users\/7"}],"replies":[{"embeddable":true,"href":"https:\/\/christusnews.de\/site\/wp-json\/wp\/v2\/comments?post=22758"}],"version-history":[{"count":1,"href":"https:\/\/christusnews.de\/site\/wp-json\/wp\/v2\/posts\/22758\/revisions"}],"predecessor-version":[{"id":22759,"href":"https:\/\/christusnews.de\/site\/wp-json\/wp\/v2\/posts\/22758\/revisions\/22759"}],"wp:attachment":[{"href":"https:\/\/christusnews.de\/site\/wp-json\/wp\/v2\/media?parent=22758"}],"wp:term":[{"taxonomy":"category","embeddable":true,"href":"https:\/\/christusnews.de\/site\/wp-json\/wp\/v2\/categories?post=22758"},{"taxonomy":"post_tag","embeddable":true,"href":"https:\/\/christusnews.de\/site\/wp-json\/wp\/v2\/tags?post=22758"}],"curies":[{"name":"wp","href":"https:\/\/api.w.org\/{rel}","templated":true}]}}