{"id":22760,"date":"2022-11-26T20:55:00","date_gmt":"2022-11-26T19:55:00","guid":{"rendered":"https:\/\/christusnews.de\/site\/im-advent-reisst-gott-den-himmel-auf-damit-die-erde-neu-wird\/"},"modified":"2022-11-27T22:17:20","modified_gmt":"2022-11-27T21:17:20","slug":"im-advent-reisst-gott-den-himmel-auf-damit-die-erde-neu-wird","status":"publish","type":"post","link":"https:\/\/christusnews.de\/site\/im-advent-reisst-gott-den-himmel-auf-damit-die-erde-neu-wird\/","title":{"rendered":"Im Advent rei\u00dft Gott den Himmel auf, damit die Erde neu wird"},"content":{"rendered":"<p>Mit einem \u00f6kumenischen Gottesdienst in der katholischen Kirche St. Johannes Baptist in Molbergen haben Bischof Thomas Adomeit von der Ev.-Luth. Kirche in Oldenburg und Weihbischof Wilfried Theising, Bisch\u00f6flicher Offizial f\u00fcr die katholische Kirche im Oldenburger Land, gemeinsam und im \u00f6kumenischen Miteinander das neue Kirchenjahr er\u00f6ffnet. In diesem Jahr fand die gemeinsame \u00f6kumenische Er\u00f6ffnung des Advents f\u00fcr Christinnen und Christen im Oldenburger Land bereits zum 14. Mal statt. Diese Tradition wurde 2009 in der Vareler Schlosskirche begr\u00fcndet.<\/p>\n<p>Dass die evangelisch-lutherische und die r\u00f6misch-katholische Kirche im Oldenburger Land das neue Kirchenjahr bereits zum 14. Mal gemeinsam begr\u00fc\u00dfen und er\u00f6ffnen, bezeichnete Weihbischof Wilfried Theising bei der Er\u00f6ffnung des Gottesdienstes als \u201eein starkes Zeichen der \u00d6kumene und des Zusammenhalts in einer Zeit, die von Krisen, \u00c4ngsten und Sorgen gepr\u00e4gt ist\u201c. Gemeinsam k\u00fcndeten die Kirchen davon, dass Jesus Christus in die Welt gekommen ist als menschgewordener Gott, \u201ean unserer Seite stehend, f\u00fcr uns eintretend, f\u00fcr alle Menschen gestorben und auferstanden\u201c. Das sei der gemeinsame Glaube, darin liege \u201eunser Antrieb, gemeinsam an der Seite der Menschen zu stehen. F\u00fcr mehr Gerechtigkeit und Frieden in dieser Welt\u201c, so Theising.<\/p>\n<p><strong>Advent ist nichts anderes als Hoffnung auf das Leben<\/strong><br \/>\nDer Advent ist laut Bischof Thomas Adomeit nichts anderes als Hoffnung auf das Leben, Hoffnung auf Gott in dieser Welt und Hoffnung auf das ewige Leben nach diesem Leben. Durch die Jahrhunderte hindurch habe die Adventsbotschaft die Menschen in schwersten Zeiten, in Katastrophen und Kriegen, begleitet, aufgerichtet und getr\u00f6stet, so der evangelische Bischof der oldenburgischen Kirche in seiner Predigt. \u201eDer Retter der Welt wird unsere Herzen erreichen. Und wir brauchen ihn\u201c, so Adomeit. Jesus habe die Welt ver\u00e4ndert, weil er von Gottes Liebe nicht nur sprach, sondern sie auch lebte. \u201eIn seiner N\u00e4he ging Blinden ein neues Licht auf, lernten Lahmgewordene wieder laufen, wurden Kranke geheilt, erlebten Frauen ihre Gleichwertigkeit mit den M\u00e4nnern, konnten Gedem\u00fctigte sich wieder neu aufrichten, fanden Selbstgerechte zu Demut und lernten Gro\u00dfe und Kleine sehen, dass Gott auf Seiten der Machtlosen steht.\u201c<\/p>\n<p>Mit Blick auf die traditionell am ersten Advent er\u00f6ffneten bundesweiten Spendenaktionen f\u00fcr die Advents- und Weihnachtzeit des katholischen Lateinamerika-Hilfswerks Adveniat und des evangelischen Hilfswerks \u201eBrot f\u00fcr die Welt\u201c betonte Bischof Adomeit, es gehe nicht nur um Nahrung, sondern um die Lebensumst\u00e4nde insgesamt, die weltweit so ungleich seien. \u201eBeim Thema Klimagerechtigkeit ist das gut erkennbar. Die \u00c4rmsten sind die, die unter dem Klimawandel am meisten leiden \u2013 und selbst am wenigsten Anteile z.B. am CO2-Aussto\u00df haben. Die Bewahrung der Sch\u00f6pfung ist eine Aufgabe mit vielen Facetten. Wir leben in \u201aeiner Welt\u2018 \u2013 wann begreifen wir es endlich? Geflohene sind auch hier, weil die Klimaver\u00e4nderungen in ihren Heimatl\u00e4ndern Lebensgrundlagen zerst\u00f6rt haben\u201c, so Adomeit. Im Advent rei\u00dfe Gott den Himmel auf, damit die Erde neu werde. \u201eGott kommt in die Welt und teilt unser bedrohtes Menschsein. Er l\u00e4sst uns nicht versinken in den Fluten unserer Sorgen und Zukunfts\u00e4ngste.\u201c<\/p>\n<p>Den Gottesdienst gestalteten beide Bisch\u00f6fe gemeinsam mit Pfarrer Dr. Oliver D\u00fcrr, Pastor Uwe B\u00f6rner, Organist Jan Niemann und dem Molberger Kirchenchor unter der Leitung von Ria Deeken. Im Anschluss an den Gottesdienst waren alle Teilnehmenden zu einem Empfang der Pfarrgemeinde im Pfarrsaal in Molbergen eingeladen.<\/p>\n<p>Kirche-Oldenburg<br \/>\n<a href=\"https:\/\/www.kirche-oldenburg.de\/\/aktuell\/pressemitteilungen\/artikel\/im-advent-reisst-gott-den-himmel-auf-damit-die-erde-neu-wird\" target=\"_blank\" rel=\"noopener\">Im Advent rei\u00dft Gott den Himmel auf, damit die Erde neu wird<\/a><\/p>\n","protected":false},"excerpt":{"rendered":"<p>Mit einem \u00f6kumenischen Gottesdienst in der katholischen Kirche St. Johannes Baptist in Molbergen haben Bischof Thomas Adomeit von der Ev.-Luth. Kirche in Oldenburg und Weihbischof Wilfried Theising, Bisch\u00f6flicher Offizial f\u00fcr die katholische Kirche im Oldenburger Land, gemeinsam und im \u00f6kumenischen Miteinander das neue Kirchenjahr er\u00f6ffnet. In diesem Jahr fand die gemeinsame \u00f6kumenische Er\u00f6ffnung des Advents f\u00fcr Christinnen und Christen im Oldenburger Land bereits zum 14. Mal statt. Diese Tradition wurde 2009 in der Vareler Schlosskirche begr\u00fcndet. Dass die evangelisch-lutherische und die r\u00f6misch-katholische Kirche im Oldenburger Land das neue Kirchenjahr bereits zum 14. Mal gemeinsam begr\u00fc\u00dfen und er\u00f6ffnen, bezeichnete Weihbischof Wilfried&#8230;<\/p>\n","protected":false},"author":7,"featured_media":0,"comment_status":"false","ping_status":"open","sticky":false,"template":"","format":"standard","meta":{"footnotes":""},"categories":[43],"tags":[44],"class_list":["post-22760","post","type-post","status-publish","format-standard","hentry","category-kirche-oldenburg","tag-kirche-oldenburg"],"_links":{"self":[{"href":"https:\/\/christusnews.de\/site\/wp-json\/wp\/v2\/posts\/22760","targetHints":{"allow":["GET"]}}],"collection":[{"href":"https:\/\/christusnews.de\/site\/wp-json\/wp\/v2\/posts"}],"about":[{"href":"https:\/\/christusnews.de\/site\/wp-json\/wp\/v2\/types\/post"}],"author":[{"embeddable":true,"href":"https:\/\/christusnews.de\/site\/wp-json\/wp\/v2\/users\/7"}],"replies":[{"embeddable":true,"href":"https:\/\/christusnews.de\/site\/wp-json\/wp\/v2\/comments?post=22760"}],"version-history":[{"count":1,"href":"https:\/\/christusnews.de\/site\/wp-json\/wp\/v2\/posts\/22760\/revisions"}],"predecessor-version":[{"id":22761,"href":"https:\/\/christusnews.de\/site\/wp-json\/wp\/v2\/posts\/22760\/revisions\/22761"}],"wp:attachment":[{"href":"https:\/\/christusnews.de\/site\/wp-json\/wp\/v2\/media?parent=22760"}],"wp:term":[{"taxonomy":"category","embeddable":true,"href":"https:\/\/christusnews.de\/site\/wp-json\/wp\/v2\/categories?post=22760"},{"taxonomy":"post_tag","embeddable":true,"href":"https:\/\/christusnews.de\/site\/wp-json\/wp\/v2\/tags?post=22760"}],"curies":[{"name":"wp","href":"https:\/\/api.w.org\/{rel}","templated":true}]}}