{"id":22770,"date":"2022-11-27T11:46:00","date_gmt":"2022-11-27T10:46:00","guid":{"rendered":"https:\/\/christusnews.de\/site\/kirchliche-hilfswerke-appellieren-an-gerechtigkeit-unter-den-menschen-spendenaktionen-von-brot-fuer-die-welt-und-adveniat-begonnen\/"},"modified":"2022-11-28T22:17:47","modified_gmt":"2022-11-28T21:17:47","slug":"kirchliche-hilfswerke-appellieren-an-gerechtigkeit-unter-den-menschen-spendenaktionen-von-brot-fuer-die-welt-und-adveniat-begonnen","status":"publish","type":"post","link":"https:\/\/christusnews.de\/site\/kirchliche-hilfswerke-appellieren-an-gerechtigkeit-unter-den-menschen-spendenaktionen-von-brot-fuer-die-welt-und-adveniat-begonnen\/","title":{"rendered":"Kirchliche Hilfswerke appellieren an Gerechtigkeit unter den Menschen  &#8211; Spendenaktionen von \u00abBrot f\u00fcr die Welt\u00bb und Adveniat begonnen"},"content":{"rendered":"<p class=\"MsoPlainText\">Oldenburg\/Trier (epd). Mit Festgottesdiensten in Oldenburg und Trier haben die beiden gro\u00dfen kirchlichen Hilfswerke am ersten Adventssonntag ihre diesj\u00e4hrigen bundesweiten Spendenaktionen zur Weihnachtszeit er\u00f6ffnet. Das evangelische Hilfswerk \u00abBrot f\u00fcr die Welt\u00bb r\u00fcckte mit seiner 64. bundesweiten Spendenaktion \u00abEine Welt. Ein Klima. Eine Zukunft.\u00bb in der Oldenburger Ohmsteder Kirche die Klimagerechtigkeit in den Vordergrund. Das katholische Hilfswerk Adveniat er\u00f6ffnete im Trierer Dom seine Aktion \u00abGesundsein f\u00f6rdern\u00bb, der Fokus liegt besonders auf Bolivien und Guatemala.<\/p>\n<p class=\"MsoPlainText\">&nbsp;<\/p>\n<p class=\"MsoPlainText\">Bischof Thomas Adomeit sagte in der Predigt in Oldenburg laut Manuskript: \u00abMit Blick auf Gottes Sch\u00f6pfung und den Klimawandel haben wir ganz konkrete Herausforderungen anzugehen, f\u00fcr die eine Welt und ihre gemeinsame Zukunft.\u00bb Die Weltklimakonferenz habe die Not deutlich beschrieben, die L\u00f6sungsvorschl\u00e4ge \u00abh\u00e4tten allerdings weitergehen m\u00fcssen\u00bb. Bei dem am 20. November im \u00e4gyptischen Scharm el Scheich zu Ende gegangenen Klimagipfel hatten sich die Staaten auf einen Fonds zum Ausgleich klimabedingter Sch\u00e4den geeinigt. Auf ein klares Bekenntnis zum Ausstieg aus fossilen Energien konnten sich die Delegierten nicht einigen.<\/p>\n<p class=\"MsoPlainText\">&nbsp;<\/p>\n<p class=\"MsoPlainText\">Der Bischof von Trier, Stephan Ackermann, sagte in seiner Predigt, Hilfe f\u00fcr Menschen in Not sei nicht nur eine Frage von Barmherzigkeit und Solidarit\u00e4t, sondern eine Frage der Gerechtigkeit innerhalb der Weltgemeinschaft. Gemeinsam mit Projektpartnern engagiert sich das Lateinamerika-Hilfswerk mit Bildungsprojekten, Menschenrechtsarbeit und dem Einsatz f\u00fcr Gesundheitsversorgung gegen Hunger und Armut.<\/p>\n<p class=\"MsoPlainText\">&nbsp;<\/p>\n<p class=\"MsoPlainText\">Die \u00abBrot f\u00fcr die Welt\u00bb-Pr\u00e4sidentin Dagmar Pruin erg\u00e4nzte beim Festgottesdienst in Oldenburg, es sei eigentlich nicht viel n\u00f6tig, \u00abdamit uns Gerechtigkeit und Frieden bl\u00fchen. Es ist doch alles da. Wir produzieren die 2,5-fache Menge an Lebensmitteln, die wir br\u00e4uchten, um alle sattzubekommen. Niemand m\u00fcsste hungern, niemand darben. Wir m\u00fcssen nur ein wenig zurechtger\u00fcckt werden.\u00bb<\/p>\n<p class=\"MsoPlainText\">&nbsp;<\/p>\n<p class=\"MsoPlainText\">Die Direktorin der \u00abChristian Commission for Development in Bangladesh\u00bb, einer Partnerorganisation von \u00abBrot f\u00fcr die Welt\u00bb, Juliate Malakar, berichtete \u00fcber die Auswirkungen der Erderw\u00e4rmung auf ihr Land. Zyklone suchten das M\u00fcndungsdelta der Fl\u00fcsse mit ihren Sumpfgebieten heim und sp\u00fclten wertvolles Land ins Meer. Die Klimakrise sei eine globale Bedrohung, \u00abdie \u00fcberall sichtbar ist &#8211; wenn auch mit unterschiedlichem Gesicht\u00bb. Sie betreffe alle, aber nicht auf dieselbe Weise. \u00abDie, die am wenigsten dazu beigetragen haben, leiden am meisten.\u00bb<\/p>\n<p class=\"MsoPlainText\">&nbsp;<\/p>\n<p class=\"MsoPlainText\">Der Adveniat-Hauptgesch\u00e4ftsf\u00fchrer Pater Martin Maier betonte, Gesundheit sei ein Menschenrecht, ein globales Entwicklungsziel der Vereinten Nationen und auch zentral im Evangelium. Aktuell versch\u00e4rfe der Angriffskrieg Russlands in der Ukraine die dramatische humanit\u00e4re Lage in Lateinamerika. An dem Gottesdienst nahmen auch Bischof Eugenio Coter aus dem bolivianischen Amazonasgebiet und die \u00c4rztin Rosmery Gros teil, die in einem bolivianischen Armen-Krankenhaus arbeitet.<\/p>\n<p class=\"MsoPlainText\">&nbsp;<\/p>\n<p class=\"MsoPlainText\">Am ersten Advent starten traditionell die kirchlichen Hilfswerke \u00abBrot f\u00fcr die Welt\u00bb und Adveniat ihre Weihnachtsaktionen. In den evangelischen und katholischen Kirchen sind die Weihnachtskollekten f\u00fcr die jeweiligen Spendenaktionen bestimmt. Der Festgottesdienst in Oldenburg wurde im \u00abErsten\u00bb und im Radio auf NDR \u00fcbertragen.<\/p>\n<p>Kirche-Oldenburg<br \/>\n<a href=\"https:\/\/www.kirche-oldenburg.de\/\/aktuell\/news-niedersachsen\/artikel\/kirchliche-hilfswerke-appellieren-an-gerechtigkeit-unter-den-menschen-spendenaktionen-von-brot-fuer-die-welt-und-adveniat-begonnen\" target=\"_blank\" rel=\"noopener\">Kirchliche Hilfswerke appellieren an Gerechtigkeit unter den Menschen  &#8211; Spendenaktionen von \u00abBrot f\u00fcr die Welt\u00bb und Adveniat begonnen<\/a><\/p>\n","protected":false},"excerpt":{"rendered":"<p>Oldenburg\/Trier (epd). Mit Festgottesdiensten in Oldenburg und Trier haben die beiden gro\u00dfen kirchlichen Hilfswerke am ersten Adventssonntag ihre diesj\u00e4hrigen bundesweiten Spendenaktionen zur Weihnachtszeit er\u00f6ffnet. Das evangelische Hilfswerk \u00abBrot f\u00fcr die Welt\u00bb r\u00fcckte mit seiner 64. bundesweiten Spendenaktion \u00abEine Welt. Ein Klima. Eine Zukunft.\u00bb in der Oldenburger Ohmsteder Kirche die Klimagerechtigkeit in den Vordergrund. Das katholische Hilfswerk Adveniat er\u00f6ffnete im Trierer Dom seine Aktion \u00abGesundsein f\u00f6rdern\u00bb, der Fokus liegt besonders auf Bolivien und Guatemala. &nbsp; Bischof Thomas Adomeit sagte in der Predigt in Oldenburg laut Manuskript: \u00abMit Blick auf Gottes Sch\u00f6pfung und den Klimawandel haben wir ganz konkrete Herausforderungen anzugehen, f\u00fcr&#8230;<\/p>\n","protected":false},"author":7,"featured_media":0,"comment_status":"false","ping_status":"open","sticky":false,"template":"","format":"standard","meta":{"footnotes":""},"categories":[43],"tags":[44],"class_list":["post-22770","post","type-post","status-publish","format-standard","hentry","category-kirche-oldenburg","tag-kirche-oldenburg"],"_links":{"self":[{"href":"https:\/\/christusnews.de\/site\/wp-json\/wp\/v2\/posts\/22770","targetHints":{"allow":["GET"]}}],"collection":[{"href":"https:\/\/christusnews.de\/site\/wp-json\/wp\/v2\/posts"}],"about":[{"href":"https:\/\/christusnews.de\/site\/wp-json\/wp\/v2\/types\/post"}],"author":[{"embeddable":true,"href":"https:\/\/christusnews.de\/site\/wp-json\/wp\/v2\/users\/7"}],"replies":[{"embeddable":true,"href":"https:\/\/christusnews.de\/site\/wp-json\/wp\/v2\/comments?post=22770"}],"version-history":[{"count":1,"href":"https:\/\/christusnews.de\/site\/wp-json\/wp\/v2\/posts\/22770\/revisions"}],"predecessor-version":[{"id":22771,"href":"https:\/\/christusnews.de\/site\/wp-json\/wp\/v2\/posts\/22770\/revisions\/22771"}],"wp:attachment":[{"href":"https:\/\/christusnews.de\/site\/wp-json\/wp\/v2\/media?parent=22770"}],"wp:term":[{"taxonomy":"category","embeddable":true,"href":"https:\/\/christusnews.de\/site\/wp-json\/wp\/v2\/categories?post=22770"},{"taxonomy":"post_tag","embeddable":true,"href":"https:\/\/christusnews.de\/site\/wp-json\/wp\/v2\/tags?post=22770"}],"curies":[{"name":"wp","href":"https:\/\/api.w.org\/{rel}","templated":true}]}}