{"id":22772,"date":"2022-11-27T11:45:00","date_gmt":"2022-11-27T10:45:00","guid":{"rendered":"https:\/\/christusnews.de\/site\/musikwissenschaftler-deutsche-choere-sind-mittelstands-enklaven\/"},"modified":"2022-11-28T22:17:48","modified_gmt":"2022-11-28T21:17:48","slug":"musikwissenschaftler-deutsche-choere-sind-mittelstands-enklaven","status":"publish","type":"post","link":"https:\/\/christusnews.de\/site\/musikwissenschaftler-deutsche-choere-sind-mittelstands-enklaven\/","title":{"rendered":"Musikwissenschaftler: Deutsche Ch\u00f6re sind Mittelstands-Enklaven"},"content":{"rendered":"<p class=\"MsoPlainText\">Oldenburg (epd). Kinder sollten nach \u00dcberzeugung des Oldenburger Musikwissenschaftlers Gunter Kreutz bereits im Kindergartenalter mindestens 25 Lieder aus f\u00fcnf unterschiedlichen Erdteilen lernen. So k\u00f6nnten sie mit Kulturg\u00fctern bepackt in die Grundschule kommen, sodass die Weichen f\u00fcr kulturelle Teilhabe und positive soziale Erfahrung gestellt seien, sagte der Professor an der Carl von Ossietzky Universit\u00e4t in Oldenburg dem Evangelischen Pressedienst (epd). Darauf k\u00f6nne der Mensch ein Leben lang zur\u00fcckgreifen. Selbst Menschen im fortgeschrittenen Stadium einer Demenz seien noch f\u00fcr Gesang erreichbar und erinnerten sich an einst gelernte Liedtexte.<\/p>\n<p class=\"MsoPlainText\">&nbsp;<\/p>\n<p class=\"MsoPlainText\">Gemeinsames Singen habe eine integrierende Wirkung, betonte Kreutz. \u00abWir singen nicht um des Singens willen, sondern um der anderen Menschen willen\u00bb, sagte er. Die Gesellschaft und die zwischenmenschlichen Verbindungen seien fragil, wie die Corona-Pandemie gezeigt habe. Nun ginge es darum, Strategien zu entwickeln, den gesellschaftlichen Zusammenhalt zu st\u00e4rken. Eine davon k\u00f6nne das gemeinsame Singen sein, das es historisch in allen menschlichen Kulturen gegeben habe. Ch\u00f6re k\u00f6nnten mit famili\u00e4ren Verb\u00fcnden verglichen werden, sagte er. Viele Menschen blieben ihnen \u00fcber Jahrzehnte treu.<\/p>\n<p class=\"MsoPlainText\">&nbsp;<\/p>\n<p class=\"MsoPlainText\">Der Musikwissenschaftler kritisierte, dass Chorsingen nicht allen Menschen gleicherma\u00dfen offenst\u00e4nden. \u00abDie Ch\u00f6re in Deutschland sind Mittelstands-Enklaven\u00bb, sagte Kreutz. Nicht-Akademiker oder arbeitslose Menschen k\u00e4men im organisierten Chorwesen kaum vor. Auch f\u00fcr Menschen mit Migrationsgeschichte sei der Zugang zu gemeinsamen Freizeitaktivit\u00e4ten nicht einfach. \u00abWir haben lange gebraucht, um zu realisieren, dass wir eine Einwanderungsgesellschaft sind. In den Ch\u00f6ren ist das noch l\u00e4ngst nicht angekommen.\u00bb<\/p>\n<p>Kirche-Oldenburg<br \/>\n<a href=\"https:\/\/www.kirche-oldenburg.de\/\/aktuell\/news-niedersachsen\/artikel\/musikwissenschaftler-deutsche-choere-sind-mittelstands-enklaven\" target=\"_blank\" rel=\"noopener\">Musikwissenschaftler: Deutsche Ch\u00f6re sind Mittelstands-Enklaven<\/a><\/p>\n","protected":false},"excerpt":{"rendered":"<p>Oldenburg (epd). Kinder sollten nach \u00dcberzeugung des Oldenburger Musikwissenschaftlers Gunter Kreutz bereits im Kindergartenalter mindestens 25 Lieder aus f\u00fcnf unterschiedlichen Erdteilen lernen. So k\u00f6nnten sie mit Kulturg\u00fctern bepackt in die Grundschule kommen, sodass die Weichen f\u00fcr kulturelle Teilhabe und positive soziale Erfahrung gestellt seien, sagte der Professor an der Carl von Ossietzky Universit\u00e4t in Oldenburg dem Evangelischen Pressedienst (epd). Darauf k\u00f6nne der Mensch ein Leben lang zur\u00fcckgreifen. Selbst Menschen im fortgeschrittenen Stadium einer Demenz seien noch f\u00fcr Gesang erreichbar und erinnerten sich an einst gelernte Liedtexte. &nbsp; Gemeinsames Singen habe eine integrierende Wirkung, betonte Kreutz. \u00abWir singen nicht um des&#8230;<\/p>\n","protected":false},"author":7,"featured_media":0,"comment_status":"false","ping_status":"open","sticky":false,"template":"","format":"standard","meta":{"footnotes":""},"categories":[43],"tags":[44],"class_list":["post-22772","post","type-post","status-publish","format-standard","hentry","category-kirche-oldenburg","tag-kirche-oldenburg"],"_links":{"self":[{"href":"https:\/\/christusnews.de\/site\/wp-json\/wp\/v2\/posts\/22772","targetHints":{"allow":["GET"]}}],"collection":[{"href":"https:\/\/christusnews.de\/site\/wp-json\/wp\/v2\/posts"}],"about":[{"href":"https:\/\/christusnews.de\/site\/wp-json\/wp\/v2\/types\/post"}],"author":[{"embeddable":true,"href":"https:\/\/christusnews.de\/site\/wp-json\/wp\/v2\/users\/7"}],"replies":[{"embeddable":true,"href":"https:\/\/christusnews.de\/site\/wp-json\/wp\/v2\/comments?post=22772"}],"version-history":[{"count":1,"href":"https:\/\/christusnews.de\/site\/wp-json\/wp\/v2\/posts\/22772\/revisions"}],"predecessor-version":[{"id":22773,"href":"https:\/\/christusnews.de\/site\/wp-json\/wp\/v2\/posts\/22772\/revisions\/22773"}],"wp:attachment":[{"href":"https:\/\/christusnews.de\/site\/wp-json\/wp\/v2\/media?parent=22772"}],"wp:term":[{"taxonomy":"category","embeddable":true,"href":"https:\/\/christusnews.de\/site\/wp-json\/wp\/v2\/categories?post=22772"},{"taxonomy":"post_tag","embeddable":true,"href":"https:\/\/christusnews.de\/site\/wp-json\/wp\/v2\/tags?post=22772"}],"curies":[{"name":"wp","href":"https:\/\/api.w.org\/{rel}","templated":true}]}}