{"id":22776,"date":"2022-11-25T11:43:00","date_gmt":"2022-11-25T10:43:00","guid":{"rendered":"https:\/\/christusnews.de\/site\/oldenburg-ehrt-starpianisten-igor-levit-mit-carl-von-ossietzky-preis\/"},"modified":"2022-11-28T22:17:49","modified_gmt":"2022-11-28T21:17:49","slug":"oldenburg-ehrt-starpianisten-igor-levit-mit-carl-von-ossietzky-preis","status":"publish","type":"post","link":"https:\/\/christusnews.de\/site\/oldenburg-ehrt-starpianisten-igor-levit-mit-carl-von-ossietzky-preis\/","title":{"rendered":"Oldenburg ehrt Starpianisten Igor Levit mit Carl-von-Ossietzky-Preis"},"content":{"rendered":"<p class=\"MsoPlainText\">Oldenburg\/Hannover (epd). Die Stadt Oldenburg verleiht Igor Levit am Freitag, 9. Dezember, den Carl-von-Ossietzky-Preis f\u00fcr Zeitgeschichte und Politik 2022. Der international gefeierte Pianist erh\u00e4lt den Preis aufgrund seines Einsatzes f\u00fcr Europa, Klimaschutz und Menschenrechte, wie die Stadt Oldenburg am Freitag mitteilte. Oberb\u00fcrgermeister J\u00fcrgen Krogmann (SPD) wird die mit 10.000 Euro dotierte Auszeichnung \u00fcberreichen. Die Laudatio h\u00e4lt die in Tel Aviv geborene Journalistin Shelly Kupferberg.<\/p>\n<p class=\"MsoPlainText\">&nbsp;<\/p>\n<p class=\"MsoPlainText\">Im Rahmen des Festaktes wird au\u00dferdem der Oldenburger Kompositionspreis f\u00fcr Zeitgen\u00f6ssische Musik verliehen. Die Auszeichnung geht den Angaben zufolge in diesem Jahr an den franz\u00f6sischen Komponisten \u00c9tienne Haan. Seine mit 3.000 Euro dotierte Auftragskomposition \u00abAuf der Weltb\u00fchne\u00bb f\u00fcr Fl\u00f6te, Akkordeon und Kontrabass wird an diesem Abend uraufgef\u00fchrt.<\/p>\n<p class=\"MsoPlainText\">&nbsp;<\/p>\n<p class=\"MsoPlainText\">Levit, der aus einer j\u00fcdischen Familie stammt, wurde 1987 im russischen Gorki (jetzt Nischni Nowgorod) geboren. Im Alter von acht Jahren siedelte die Familie nach Hannover \u00fcber. Bereits mit 13 Jahren begann Levit ein Studium f\u00fcr musikalisch Hochbegabte an der Hochschule f\u00fcr Musik, Theater und Medien in Hannover. Im Oktober 2019 \u00fcbernahm er dort eine Professur. Levit lebt heute in Berlin und hat sowohl f\u00fcr seine k\u00fcnstlerischen Leistungen als auch sein politisches Engagement zahlreiche Auszeichnungen erhalten.<\/p>\n<p class=\"MsoPlainText\">&nbsp;<\/p>\n<p class=\"MsoPlainText\">Der Ossietzky-Preis erinnert an den Schriftsteller und Pazifisten Carl von Ossietzky (1889-1938). Er wird von der Stadt Oldenburg alle zwei Jahre f\u00fcr Arbeiten, Gesamtwerke oder an Personen vergeben, die sich in herausragender Weise mit dem Leben und Werk Ossietzkys, dem Widerstand gegen den Nationalsozialismus oder mit der demokratischen Tradition und Gegenwart befassen. Zuletzt wurde die Publizistin Carolin Emcke mit dem Preis ausgezeichnet.<\/p>\n<p class=\"MsoPlainText\">&nbsp;<\/p>\n<p>Kirche-Oldenburg<br \/>\n<a href=\"https:\/\/www.kirche-oldenburg.de\/\/aktuell\/news-niedersachsen\/artikel\/oldenburg-ehrt-starpianisten-igor-levit-mit-carl-von-ossietzky-preis\" target=\"_blank\" rel=\"noopener\">Oldenburg ehrt Starpianisten Igor Levit mit Carl-von-Ossietzky-Preis<\/a><\/p>\n","protected":false},"excerpt":{"rendered":"<p>Oldenburg\/Hannover (epd). Die Stadt Oldenburg verleiht Igor Levit am Freitag, 9. Dezember, den Carl-von-Ossietzky-Preis f\u00fcr Zeitgeschichte und Politik 2022. Der international gefeierte Pianist erh\u00e4lt den Preis aufgrund seines Einsatzes f\u00fcr Europa, Klimaschutz und Menschenrechte, wie die Stadt Oldenburg am Freitag mitteilte. Oberb\u00fcrgermeister J\u00fcrgen Krogmann (SPD) wird die mit 10.000 Euro dotierte Auszeichnung \u00fcberreichen. Die Laudatio h\u00e4lt die in Tel Aviv geborene Journalistin Shelly Kupferberg. &nbsp; Im Rahmen des Festaktes wird au\u00dferdem der Oldenburger Kompositionspreis f\u00fcr Zeitgen\u00f6ssische Musik verliehen. Die Auszeichnung geht den Angaben zufolge in diesem Jahr an den franz\u00f6sischen Komponisten \u00c9tienne Haan. Seine mit 3.000 Euro dotierte Auftragskomposition \u00abAuf&#8230;<\/p>\n","protected":false},"author":7,"featured_media":0,"comment_status":"false","ping_status":"open","sticky":false,"template":"","format":"standard","meta":{"footnotes":""},"categories":[43],"tags":[44],"class_list":["post-22776","post","type-post","status-publish","format-standard","hentry","category-kirche-oldenburg","tag-kirche-oldenburg"],"_links":{"self":[{"href":"https:\/\/christusnews.de\/site\/wp-json\/wp\/v2\/posts\/22776","targetHints":{"allow":["GET"]}}],"collection":[{"href":"https:\/\/christusnews.de\/site\/wp-json\/wp\/v2\/posts"}],"about":[{"href":"https:\/\/christusnews.de\/site\/wp-json\/wp\/v2\/types\/post"}],"author":[{"embeddable":true,"href":"https:\/\/christusnews.de\/site\/wp-json\/wp\/v2\/users\/7"}],"replies":[{"embeddable":true,"href":"https:\/\/christusnews.de\/site\/wp-json\/wp\/v2\/comments?post=22776"}],"version-history":[{"count":1,"href":"https:\/\/christusnews.de\/site\/wp-json\/wp\/v2\/posts\/22776\/revisions"}],"predecessor-version":[{"id":22777,"href":"https:\/\/christusnews.de\/site\/wp-json\/wp\/v2\/posts\/22776\/revisions\/22777"}],"wp:attachment":[{"href":"https:\/\/christusnews.de\/site\/wp-json\/wp\/v2\/media?parent=22776"}],"wp:term":[{"taxonomy":"category","embeddable":true,"href":"https:\/\/christusnews.de\/site\/wp-json\/wp\/v2\/categories?post=22776"},{"taxonomy":"post_tag","embeddable":true,"href":"https:\/\/christusnews.de\/site\/wp-json\/wp\/v2\/tags?post=22776"}],"curies":[{"name":"wp","href":"https:\/\/api.w.org\/{rel}","templated":true}]}}