{"id":22778,"date":"2022-11-25T11:42:00","date_gmt":"2022-11-25T10:42:00","guid":{"rendered":"https:\/\/christusnews.de\/site\/matthias-kannengiesser-erneut-zum-praesidenten-der-landessynode-gewaehlt\/"},"modified":"2022-11-28T22:17:49","modified_gmt":"2022-11-28T21:17:49","slug":"matthias-kannengiesser-erneut-zum-praesidenten-der-landessynode-gewaehlt","status":"publish","type":"post","link":"https:\/\/christusnews.de\/site\/matthias-kannengiesser-erneut-zum-praesidenten-der-landessynode-gewaehlt\/","title":{"rendered":"Matthias Kannengie\u00dfer erneut zum Pr\u00e4sidenten der Landessynode gew\u00e4hlt"},"content":{"rendered":"<p class=\"MsoPlainText\">Hannover (epd). Der Jurist Matthias Kannengie\u00dfer aus Hannover bleibt Pr\u00e4sident der hannoverschen Landessynode. Das evangelische Kirchenparlament w\u00e4hlte den 54-J\u00e4hrigen am Freitag mit gro\u00dfer Mehrheit erneut in das Ehrenamt. Das Pr\u00e4sidium wird jeweils auf drei Jahre bestimmt.<\/p>\n<p class=\"MsoPlainText\">&nbsp;<\/p>\n<p class=\"MsoPlainText\">Kannengie\u00dfer steht bereits seit Februar 2014 an der Spitze der Synode. Seit 2021 ist er auch Pr\u00e4sident der Generalsynode der Vereinigten Evangelisch-Lutherischen Kirche Deutschlands (VELKD). Er geh\u00f6rt auch der Synode der Evangelischen Kirche in Deutschland (EKD) an.<\/p>\n<p class=\"MsoPlainText\">&nbsp;<\/p>\n<p class=\"MsoPlainText\">Im Hauptberuf arbeitet der promovierte Jurist als Vorsitzender Richter einer Zivilkammer am Landgericht Hannover. Er ist Mitglied im Kirchenvorstand der Friedensgemeinde in Hannover und z\u00e4hlt zur eher konservativen Synodalgruppe \u00abLebendig &#8211; Vielf\u00e4ltig &#8211; Kirche\u00bb (LVK).<\/p>\n<p class=\"MsoPlainText\">&nbsp;<\/p>\n<p class=\"MsoPlainText\">Zur Ersten Vizepr\u00e4sidentin w\u00e4hlten die 79 Mitglieder der Landessynode die Diplom-\u00d6konomin Wencke Breyer aus Hannover. Zweite Vizepr\u00e4sidentin wurde die Rechtsanw\u00e4ltin und Notarin Doris Feuerhake aus Emmerthal bei Hameln. Zum Dritten Vizepr\u00e4sidenten wurde der Vorstandsassistent Knut Laemmerhirt aus Syke bei Bremen bestimmt. Damit wurden alle drei ebenfalls in ihren Ehren\u00e4mtern best\u00e4tigt.<\/p>\n<p class=\"MsoPlainText\">&nbsp;<\/p>\n<p class=\"MsoPlainText\">Die Synode vertritt in der evangelischen Kirche die Interessen der Ortsgemeinden, also der kirchlichen Basis. Sie beschlie\u00dft Kirchengesetze, verabschiedet den Haushalt der Landeskirche und w\u00e4hlt den Bischof oder die Bisch\u00f6fin. Der hannoverschen Landeskirche sind 1.219 Gemeinden zwischen dem Landkreis G\u00f6ttingen und der Nordsee mit rund 2,3 Millionen Mitgliedern angegliedert. Sie umfasst drei Viertel Niedersachsens. Damit ist sie die gr\u00f6\u00dfte evangelische Landeskirche in Deutschland.<\/p>\n<p>Kirche-Oldenburg<br \/>\n<a href=\"https:\/\/www.kirche-oldenburg.de\/\/aktuell\/news-niedersachsen\/artikel\/matthias-kannengiesser-erneut-zum-praesidenten-der-landessynode-gewaehlt\" target=\"_blank\" rel=\"noopener\">Matthias Kannengie\u00dfer erneut zum Pr\u00e4sidenten der Landessynode gew\u00e4hlt<\/a><\/p>\n","protected":false},"excerpt":{"rendered":"<p>Hannover (epd). Der Jurist Matthias Kannengie\u00dfer aus Hannover bleibt Pr\u00e4sident der hannoverschen Landessynode. Das evangelische Kirchenparlament w\u00e4hlte den 54-J\u00e4hrigen am Freitag mit gro\u00dfer Mehrheit erneut in das Ehrenamt. Das Pr\u00e4sidium wird jeweils auf drei Jahre bestimmt. &nbsp; Kannengie\u00dfer steht bereits seit Februar 2014 an der Spitze der Synode. Seit 2021 ist er auch Pr\u00e4sident der Generalsynode der Vereinigten Evangelisch-Lutherischen Kirche Deutschlands (VELKD). Er geh\u00f6rt auch der Synode der Evangelischen Kirche in Deutschland (EKD) an. &nbsp; Im Hauptberuf arbeitet der promovierte Jurist als Vorsitzender Richter einer Zivilkammer am Landgericht Hannover. Er ist Mitglied im Kirchenvorstand der Friedensgemeinde in Hannover und z\u00e4hlt&#8230;<\/p>\n","protected":false},"author":7,"featured_media":0,"comment_status":"false","ping_status":"open","sticky":false,"template":"","format":"standard","meta":{"footnotes":""},"categories":[43],"tags":[44],"class_list":["post-22778","post","type-post","status-publish","format-standard","hentry","category-kirche-oldenburg","tag-kirche-oldenburg"],"_links":{"self":[{"href":"https:\/\/christusnews.de\/site\/wp-json\/wp\/v2\/posts\/22778","targetHints":{"allow":["GET"]}}],"collection":[{"href":"https:\/\/christusnews.de\/site\/wp-json\/wp\/v2\/posts"}],"about":[{"href":"https:\/\/christusnews.de\/site\/wp-json\/wp\/v2\/types\/post"}],"author":[{"embeddable":true,"href":"https:\/\/christusnews.de\/site\/wp-json\/wp\/v2\/users\/7"}],"replies":[{"embeddable":true,"href":"https:\/\/christusnews.de\/site\/wp-json\/wp\/v2\/comments?post=22778"}],"version-history":[{"count":1,"href":"https:\/\/christusnews.de\/site\/wp-json\/wp\/v2\/posts\/22778\/revisions"}],"predecessor-version":[{"id":22779,"href":"https:\/\/christusnews.de\/site\/wp-json\/wp\/v2\/posts\/22778\/revisions\/22779"}],"wp:attachment":[{"href":"https:\/\/christusnews.de\/site\/wp-json\/wp\/v2\/media?parent=22778"}],"wp:term":[{"taxonomy":"category","embeddable":true,"href":"https:\/\/christusnews.de\/site\/wp-json\/wp\/v2\/categories?post=22778"},{"taxonomy":"post_tag","embeddable":true,"href":"https:\/\/christusnews.de\/site\/wp-json\/wp\/v2\/tags?post=22778"}],"curies":[{"name":"wp","href":"https:\/\/api.w.org\/{rel}","templated":true}]}}